{"id":25579,"date":"2024-09-11T22:00:18","date_gmt":"2024-09-11T22:00:18","guid":{"rendered":"https:\/\/ciclo-news.com\/br\/como-quebrar-o-preconceito-dos-comercios-com-a-bike\/"},"modified":"2024-09-11T22:00:18","modified_gmt":"2024-09-11T22:00:18","slug":"como-quebrar-o-preconceito-dos-comercios-com-a-bike","status":"publish","type":"post","link":"https:\/\/ciclo-news.com\/br\/como-quebrar-o-preconceito-dos-comercios-com-a-bike\/","title":{"rendered":"COMO QUEBRAR O PRECONCEITO DOS COM\u00c9RCIOS COM A BIKE"},"content":{"rendered":"<h2>COMO QUEBRAR O PRECONCEITO DOS COM\u00c9RCIOS COM A BIKE | Bike \u00e9 Legal<\/h2>\n<p><iframe loading=\"lazy\" title=\"COMO QUEBRAR O PRECONCEITO DOS COM\u00c9RCIOS COM A BIKE\" width=\"1290\" height=\"726\" src=\"https:\/\/www.youtube.com\/embed\/WCNeQkR_yno?feature=oembed\" frameborder=\"0\" allow=\"accelerometer; autoplay; clipboard-write; encrypted-media; gyroscope; picture-in-picture; web-share\" referrerpolicy=\"strict-origin-when-cross-origin\" allowfullscreen><\/iframe><br \/>\nFonte: <a href=\"https:\/\/www.youtube.com\/watch?v=WCNeQkR_yno\" rel=\"nofollow noopener\" target=\"_blank\">Canal Youtube Bike \u00e9 Legal: COMO QUEBRAR O PRECONCEITO DOS COM\u00c9RCIOS COM A BIKE<\/a><\/p>\n<h3>Video COMO QUEBRAR O PRECONCEITO DOS COM\u00c9RCIOS COM A BIKE com Bike \u00e9 Legal<\/h3>\n<p>Video <strong>COMO QUEBRAR O PRECONCEITO DOS COM\u00c9RCIOS COM A BIKE<\/strong> com a jornalista e cicloativista <strong>Renata Falzoni<\/strong> do Canal do Youtube <strong><a href=\"https:\/\/ciclo-news.com\/br\/tag\/bike-e-legal\/\">Bike \u00e9 Legal<\/a><\/strong>.<\/p>\n<h2>COMO QUEBRAR O PRECONCEITO DOS COM\u00c9RCIOS COM A BIKE<\/h2>\n<p>Renata Falzoni: A miss\u00e3o dos ciclistas em quebrar barreiras<\/p>\n<p>Renata Falzoni, uma entusiasta do ciclismo e defensora da mobilidade urbana sustent\u00e1vel, tem se dedicado a uma miss\u00e3o importante: quebrar as barreiras que impedem as pessoas de enxergarem a bicicleta como um meio de transporte vi\u00e1vel e seguro. Em um mundo onde o medo e a avers\u00e3o \u00e0s bicicletas ainda s\u00e3o comuns, Renata est\u00e1 determinada a mudar essa realidade, incentivando os ciclistas a demandarem mais respeito e espa\u00e7o nas lojas e estabelecimentos comerciais.<\/p>\n<p>### A import\u00e2ncia de aceitar ciclistas nas lojas<\/p>\n<p>Ao longo dos anos, tem sido comum ver ciclistas sendo deixados do lado de fora das lojas, sem receber o convite para entrar com suas bicicletas. Essa pr\u00e1tica, que perdurou desde os anos 70 e 80, contribui para perpetuar a ideia de que a bicicleta n\u00e3o \u00e9 um modo de transporte leg\u00edtimo e respeit\u00e1vel. No entanto, Renata Falzoni destaca a import\u00e2ncia de quebrar essa resist\u00eancia e fazer com que os consumidores em duas rodas sejam tratados com o devido respeito.<\/p>\n<p>#### Mudando a cultura da exclus\u00e3o<\/p>\n<p>\u00c9 fundamental que os estabelecimentos passem a acolher os ciclistas de forma mais inclusiva, convidando-os a trazerem suas bicicletas para dentro das lojas. Essa mudan\u00e7a de postura n\u00e3o apenas demonstra respeito e considera\u00e7\u00e3o pelos consumidores de bicicleta, mas tamb\u00e9m pode impulsionar as vendas, uma vez que os ciclistas se sentir\u00e3o mais bem-vindos e propensos a gastar mais tempo e dinheiro nos estabelecimentos.<\/p>\n<p>#### Negociando espa\u00e7os para bicicletas<\/p>\n<p>Um ponto importante levantado por Renata \u00e9 a necessidade de negociar espa\u00e7os adequados para estacionar as bicicletas. Muitas vezes, os ciclistas se deparam com a falta de estrutura para acomodar suas bicicletas de forma segura, o que pode resultar em situa\u00e7\u00f5es de desconforto e inseguran\u00e7a. Ao demandar por biciclet\u00e1rios e locais apropriados para estacionar, os ciclistas est\u00e3o n\u00e3o apenas defendendo seus direitos, mas tamb\u00e9m contribuindo para a constru\u00e7\u00e3o de uma cultura mais amig\u00e1vel e receptiva aos meios de transporte alternativos.<\/p>\n<p>### A voz dos ciclistas: exigindo respeito e reconhecimento<\/p>\n<p>Como ciclistas, \u00e9 fundamental que nos fa\u00e7amos ouvir e exigir o respeito e o reconhecimento que merecemos. N\u00e3o devemos aceitar ser deixados do lado de fora das lojas, como se f\u00f4ssemos menos importantes ou dignos de aten\u00e7\u00e3o. Devemos nos posicionar e exigir ser tratados como consumidores leg\u00edtimos, independentemente do meio de transporte que escolhemos utilizar.<\/p>\n<p>#### A import\u00e2ncia do di\u00e1logo e da negocia\u00e7\u00e3o<\/p>\n<p>Para que a mudan\u00e7a ocorra de forma eficaz, \u00e9 essencial estabelecer um di\u00e1logo aberto e honesto com os comerciantes e propriet\u00e1rios de estabelecimentos. Explicar a import\u00e2ncia de ter espa\u00e7os adequados para bicicletas, mostrar os benef\u00edcios econ\u00f4micos e sociais de acolher os ciclistas e negociar solu\u00e7\u00f5es pr\u00e1ticas s\u00e3o passos essenciais para fomentar a cultura da inclus\u00e3o e respeito.<\/p>\n<p>#### Valorizando a presen\u00e7a do ciclista<\/p>\n<p>Ao exigir respeito e reconhecimento, os ciclistas est\u00e3o valorizando n\u00e3o apenas a si mesmos, mas tamb\u00e9m o papel fundamental que desempenham na promo\u00e7\u00e3o de um estilo de vida saud\u00e1vel, sustent\u00e1vel e ecologicamente consciente. Ao se recusarem a serem deixados de fora, os ciclistas est\u00e3o reafirmando sua import\u00e2ncia como consumidores ativos e engajados, capazes de influenciar positivamente a sociedade e a economia.<\/p>\n<p>### Um chamado \u00e0 a\u00e7\u00e3o: juntos podemos quebrar as barreiras<\/p>\n<p>Renata Falzoni nos convida a nos unirmos nessa miss\u00e3o de quebrar as barreiras que ainda nos separam de uma sociedade mais inclusiva e respeitosa com os ciclistas. Ao exigir nosso lugar nas lojas, ao negociar espa\u00e7os para nossas bicicletas e ao valorizar nossa presen\u00e7a como consumidores, estamos promovendo uma mudan\u00e7a significativa e necess\u00e1ria na forma como a bicicleta \u00e9 vista e tratada em nossa sociedade.<\/p>\n<p>#### Incentivando a mudan\u00e7a de mentalidade<\/p>\n<p>\u00c9 urgente que comecemos a questionar e desafiar as normas e pr\u00e1ticas que perpetuam a exclus\u00e3o dos ciclistas. Ao nos recusarmos a aceitar ser deixados de fora das lojas, estamos enviando uma mensagem clara de que merecemos respeito e considera\u00e7\u00e3o. Ao nos unirmos e nos posicionarmos juntos, podemos incentivar uma mudan\u00e7a de mentalidade e atitude em rela\u00e7\u00e3o \u00e0 bicicleta e aos ciclistas.<\/p>\n<p>#### Construindo um futuro mais inclusivo e sustent\u00e1vel<\/p>\n<p>Ao quebrarmos as barreiras que nos separam do reconhecimento e respeito que merecemos, estamos construindo um futuro mais inclusivo, sustent\u00e1vel e equitativo. Ao nos unirmos como comunidade de ciclistas e exigirmos nosso lugar nas lojas e estabelecimentos comerciais, estamos promovendo n\u00e3o apenas a causa do ciclismo, mas tamb\u00e9m a causa de uma sociedade mais justa e consciente.<\/p>\n<p>Renata Falzoni nos lembra da import\u00e2ncia de nos mantermos unidos e determinados em nossa miss\u00e3o, mesmo diante das adversidades e resist\u00eancias que possamos enfrentar. Com coragem, perseveran\u00e7a e solidariedade, podemos superar as barreiras que nos separam de um mundo mais acolhedor e respeitoso para os ciclistas. Juntos, podemos fazer a diferen\u00e7a e inspirar uma transforma\u00e7\u00e3o positiva em nossa sociedade.<\/p>\n<hr class=\"wp-block-separator has-alpha-channel-opacity\"\/>\n<p>As opini\u00f5es expressas neste espa\u00e7o s\u00e3o de responsabilidade exclusiva do <strong>Canal do Youtube <a href=\"https:\/\/ciclo-news.com\/br\/tag\/bike-e-legal\/\" rel=\"noreferrer noopener\">Bike \u00e9 Legal<\/a><\/strong> e n\u00e3o necessariamente representam o pensamento da <strong><a href=\"https:\/\/ciclo-news.com\/br\/\" target=\"_blank\" rel=\"noreferrer noopener\">Ciclo News Brasil<\/a><\/strong>.<\/p>\n<hr class=\"wp-block-separator has-alpha-channel-opacity\"\/>\n<nav aria-label=\"breadcrumbs\" class=\"rank-math-breadcrumb\"><p><span class=\"last\">CicloNews<\/span><\/p><\/nav><\/p>\n","protected":false},"excerpt":{"rendered":"<p>COMO QUEBRAR O PRECONCEITO DOS COM\u00c9RCIOS COM A BIKE | Bike \u00e9 Legal Fonte: Canal Youtube Bike \u00e9 Legal: COMO QUEBRAR O PRECONCEITO DOS COM\u00c9RCIOS COM A BIKE Video COMO QUEBRAR O PRECONCEITO DOS COM\u00c9RCIOS COM A BIKE com Bike \u00e9 Legal Video COMO QUEBRAR O PRECONCEITO DOS COM\u00c9RCIOS COM A BIKE com a jornalista [&hellip;]<\/p>\n","protected":false},"author":2,"featured_media":25581,"comment_status":"closed","ping_status":"closed","sticky":false,"template":"","format":"standard","meta":{"rop_custom_images_group":[],"rop_custom_messages_group":[],"rop_publish_now":"initial","rop_publish_now_accounts":{"twitter_2962033655_2962033655":""},"rop_publish_now_history":[],"rop_publish_now_status":"pending","_trash_the_other_posts":false,"editor_notices":[],"footnotes":""},"categories":[25],"tags":[345],"class_list":["post-25579","post","type-post","status-publish","format-standard","has-post-thumbnail","hentry","category-mountain-bike","tag-bike-e-legal"],"blocksy_meta":[],"_links":{"self":[{"href":"https:\/\/ciclo-news.com\/br\/wp-json\/wp\/v2\/posts\/25579","targetHints":{"allow":["GET"]}}],"collection":[{"href":"https:\/\/ciclo-news.com\/br\/wp-json\/wp\/v2\/posts"}],"about":[{"href":"https:\/\/ciclo-news.com\/br\/wp-json\/wp\/v2\/types\/post"}],"author":[{"embeddable":true,"href":"https:\/\/ciclo-news.com\/br\/wp-json\/wp\/v2\/users\/2"}],"replies":[{"embeddable":true,"href":"https:\/\/ciclo-news.com\/br\/wp-json\/wp\/v2\/comments?post=25579"}],"version-history":[{"count":0,"href":"https:\/\/ciclo-news.com\/br\/wp-json\/wp\/v2\/posts\/25579\/revisions"}],"wp:featuredmedia":[{"embeddable":true,"href":"https:\/\/ciclo-news.com\/br\/wp-json\/wp\/v2\/media\/25581"}],"wp:attachment":[{"href":"https:\/\/ciclo-news.com\/br\/wp-json\/wp\/v2\/media?parent=25579"}],"wp:term":[{"taxonomy":"category","embeddable":true,"href":"https:\/\/ciclo-news.com\/br\/wp-json\/wp\/v2\/categories?post=25579"},{"taxonomy":"post_tag","embeddable":true,"href":"https:\/\/ciclo-news.com\/br\/wp-json\/wp\/v2\/tags?post=25579"}],"curies":[{"name":"wp","href":"https:\/\/api.w.org\/{rel}","templated":true}]}}