{"id":25270,"date":"2024-08-06T11:58:37","date_gmt":"2024-08-06T11:58:37","guid":{"rendered":"https:\/\/ciclo-news.com\/br\/brasileiro-de-mountain-bike-xco-2024-junior-e-juvenil\/"},"modified":"2024-08-06T11:58:37","modified_gmt":"2024-08-06T11:58:37","slug":"brasileiro-de-mountain-bike-xco-2024-junior-e-juvenil","status":"publish","type":"post","link":"https:\/\/ciclo-news.com\/br\/brasileiro-de-mountain-bike-xco-2024-junior-e-juvenil\/","title":{"rendered":"BRASILEIRO DE MOUNTAIN BIKE XCO 2024 | JUNIOR E JUVENIL"},"content":{"rendered":"<h2>BRASILEIRO DE MOUNTAIN BIKE XCO 2024 | JUNIOR E JUVENIL<\/h2>\n<p><iframe loading=\"lazy\" title=\"BRASILEIRO DE MOUNTAIN BIKE XCO 2024 | JUNIOR E JUVENIL\" width=\"1290\" height=\"726\" src=\"https:\/\/www.youtube.com\/embed\/2ecolPlYkAQ?feature=oembed\" frameborder=\"0\" allow=\"accelerometer; autoplay; clipboard-write; encrypted-media; gyroscope; picture-in-picture; web-share\" referrerpolicy=\"strict-origin-when-cross-origin\" allowfullscreen><\/iframe><br \/>\nFonte: <a href=\"https:\/\/www.youtube.com\/watch?v=2ecolPlYkAQ\" rel=\"nofollow noopener\" target=\"_blank\">Canal Youtube Ciclismo CBC: BRASILEIRO DE MOUNTAIN BIKE XCO 2024 | JUNIOR E JUVENIL<\/a><\/p>\n<h3>Video BRASILEIRO DE MOUNTAIN BIKE XCO 2024 | JUNIOR E JUVENIL<\/h3>\n<p>Video BRASILEIRO DE MOUNTAIN BIKE XCO 2024 | JUNIOR E JUVENIL do Canal do Youtube <a href=\"https:\/\/ciclo-news.com\/br\/tag\/ciclismo-cbc\/\">Ciclismo CBC<\/a>.<\/p>\n<h2>BRASILEIRO DE MOUNTAIN BIKE XCO 2024 | JUNIOR E JUVENIL<\/h2>\n<hr class=\"wp-block-separator has-alpha-channel-opacity\"\/>\n<p>As opini\u00f5es expressas neste espa\u00e7o s\u00e3o de responsabilidade exclusiva do <strong>Canal do Youtube <a href=\"https:\/\/ciclo-news.com\/br\/tag\/ciclismo-cbc\/\" rel=\"noreferrer noopener\">Ciclismo CBC<\/a><\/strong> e n\u00e3o necessariamente representam o pensamento da <strong><a href=\"https:\/\/ciclo-news.com\/br\/\" target=\"_blank\" rel=\"noreferrer noopener\">Ciclo News Brasil<\/a><\/strong>.<\/p>\n<hr class=\"wp-block-separator has-alpha-channel-opacity\"\/>\n<nav aria-label=\"breadcrumbs\" class=\"rank-math-breadcrumb\"><p><span class=\"last\">CicloNews<\/span><\/p><\/nav><\/p>\n","protected":false},"excerpt":{"rendered":"<p>BRASILEIRO DE MOUNTAIN BIKE XCO 2024 | JUNIOR E JUVENIL Fonte: Canal Youtube Ciclismo CBC: BRASILEIRO DE MOUNTAIN BIKE XCO 2024 | JUNIOR E JUVENIL Video BRASILEIRO DE MOUNTAIN BIKE XCO 2024 | JUNIOR E JUVENIL Video BRASILEIRO DE MOUNTAIN BIKE XCO 2024 | JUNIOR E JUVENIL do Canal do Youtube Ciclismo CBC. BRASILEIRO DE [&hellip;]<\/p>\n","protected":false},"author":2,"featured_media":25272,"comment_status":"closed","ping_status":"closed","sticky":false,"template":"","format":"standard","meta":{"rop_custom_images_group":[],"rop_custom_messages_group":[],"rop_publish_now":"initial","rop_publish_now_accounts":{"twitter_2962033655_2962033655":""},"rop_publish_now_history":[],"rop_publish_now_status":"pending","_trash_the_other_posts":false,"editor_notices":[],"footnotes":""},"categories":[3],"tags":[332],"class_list":["post-25270","post","type-post","status-publish","format-standard","has-post-thumbnail","hentry","category-estrada","tag-ciclismo-cbc"],"blocksy_meta":[],"_links":{"self":[{"href":"https:\/\/ciclo-news.com\/br\/wp-json\/wp\/v2\/posts\/25270","targetHints":{"allow":["GET"]}}],"collection":[{"href":"https:\/\/ciclo-news.com\/br\/wp-json\/wp\/v2\/posts"}],"about":[{"href":"https:\/\/ciclo-news.com\/br\/wp-json\/wp\/v2\/types\/post"}],"author":[{"embeddable":true,"href":"https:\/\/ciclo-news.com\/br\/wp-json\/wp\/v2\/users\/2"}],"replies":[{"embeddable":true,"href":"https:\/\/ciclo-news.com\/br\/wp-json\/wp\/v2\/comments?post=25270"}],"version-history":[{"count":0,"href":"https:\/\/ciclo-news.com\/br\/wp-json\/wp\/v2\/posts\/25270\/revisions"}],"wp:featuredmedia":[{"embeddable":true,"href":"https:\/\/ciclo-news.com\/br\/wp-json\/wp\/v2\/media\/25272"}],"wp:attachment":[{"href":"https:\/\/ciclo-news.com\/br\/wp-json\/wp\/v2\/media?parent=25270"}],"wp:term":[{"taxonomy":"category","embeddable":true,"href":"https:\/\/ciclo-news.com\/br\/wp-json\/wp\/v2\/categories?post=25270"},{"taxonomy":"post_tag","embeddable":true,"href":"https:\/\/ciclo-news.com\/br\/wp-json\/wp\/v2\/tags?post=25270"}],"curies":[{"name":"wp","href":"https:\/\/api.w.org\/{rel}","templated":true}]}}