{"id":25228,"date":"2024-08-06T00:38:27","date_gmt":"2024-08-06T00:38:27","guid":{"rendered":"https:\/\/ciclo-news.com\/br\/august-5-2024\/"},"modified":"2024-08-06T00:38:27","modified_gmt":"2024-08-06T00:38:27","slug":"august-5-2024","status":"publish","type":"post","link":"https:\/\/ciclo-news.com\/br\/august-5-2024\/","title":{"rendered":"August 5, 2024"},"content":{"rendered":"<h2>August 5, 2024 | Powerlink Bike<\/h2>\n<p><iframe loading=\"lazy\" title=\"August 5, 2024\" width=\"1290\" height=\"726\" src=\"https:\/\/www.youtube.com\/embed\/Dgw3ut50wXo?feature=oembed\" frameborder=\"0\" allow=\"accelerometer; autoplay; clipboard-write; encrypted-media; gyroscope; picture-in-picture; web-share\" referrerpolicy=\"strict-origin-when-cross-origin\" allowfullscreen><\/iframe><br \/>\nFonte: <strong><a href=\"https:\/\/www.youtube.com\/watch?v=Dgw3ut50wXo\" rel=\"nofollow noopener\" target=\"_blank\">Canal Youtube Powerlink Bike: August 5, 2024<\/a><\/strong><\/p>\n<h3>Video August 5, 2024<\/h3>\n<p>Video <strong>August 5, 2024<\/strong> com o <strong>Samuel Ferraz<\/strong> do Canal do Youtube <strong><a href=\"https:\/\/ciclo-news.com\/br\/tag\/powerlink-bike\/\">Powerlink Bike<\/a><\/strong>.<\/p>\n<h2>August 5, 2024 com Powerlink Bike<\/h2>\n<p>A bicicleta Powerlink \u00e9 uma inova\u00e7\u00e3o revolucion\u00e1ria no mundo do ciclismo de competi\u00e7\u00e3o. Com sua tecnologia avan\u00e7ada e design ergon\u00f4mico, essa bicicleta promete levar os ciclistas a novos patamares de desempenho e efici\u00eancia.<\/p>\n<p>### O poder da tecnologia<\/p>\n<p>A tecnologia por tr\u00e1s da Powerlink \u00e9 verdadeiramente impressionante. Com sua estrutura leve e resistente, feita de materiais de alta qualidade, essa bicicleta \u00e9 capaz de proporcionar uma experi\u00eancia de ciclismo suave e satisfat\u00f3ria. Al\u00e9m disso, seu sistema de transmiss\u00e3o \u00e9 extremamente eficiente, garantindo que cada pedalada do ciclista seja convertida em movimento sem desperd\u00edcio de energia.<\/p>\n<p>#### Sistema de transmiss\u00e3o avan\u00e7ado<\/p>\n<p>O sistema de transmiss\u00e3o da Powerlink \u00e9 um dos seus maiores destaques. Com engrenagens precisas e trocas de marcha suaves, essa bicicleta permite ao ciclista manter um ritmo constante e confort\u00e1vel, mesmo em terrenos dif\u00edceis. Isso faz com que a Powerlink seja a escolha perfeita para competi\u00e7\u00f5es de alto n\u00edvel, onde cada segundo conta.<\/p>\n<p>#### Design ergon\u00f4mico<\/p>\n<p>Al\u00e9m da tecnologia de ponta, a Powerlink tamb\u00e9m se destaca pelo seu design ergon\u00f4mico. Com um quadro aerodin\u00e2mico e um guid\u00e3o ajust\u00e1vel, essa bicicleta se adapta perfeitamente \u00e0s necessidades do ciclista, garantindo conforto e desempenho m\u00e1ximo durante longas jornadas de treinamento e competi\u00e7\u00e3o.<\/p>\n<p>### A pol\u00eamica em torno da participa\u00e7\u00e3o de Imani Calif nos Jogos Ol\u00edmpicos<\/p>\n<p>A participa\u00e7\u00e3o de Imani Calif nos Jogos Ol\u00edmpicos de Paris tem sido motivo de grande controv\u00e9rsia, devido \u00e0 sua condi\u00e7\u00e3o de intersexo. Com a ambiguidade genital, Imani Calif enfrenta desafios \u00fanicos no mundo do esporte de alta competi\u00e7\u00e3o, o que levanta quest\u00f5es sobre sua elegibilidade para competir em eventos ol\u00edmpicos.<\/p>\n<p>#### Desafios m\u00e9dicos e sociais<\/p>\n<p>O caso de Imani Calif representa um desafio complexo, que envolve quest\u00f5es m\u00e9dicas, legais e sociais. A decis\u00e3o de determinar o sexo de um rec\u00e9m-nascido intersexo \u00e9 delicada e envolve uma equipe m\u00e9dica multidisciplinar, que considera diversos fatores, como cromossomos, horm\u00f4nios e anatomia, para garantir a melhor qualidade de vida para a crian\u00e7a.<\/p>\n<p>#### O dilema esportivo<\/p>\n<p>No mundo do esporte de alto rendimento, a participa\u00e7\u00e3o de atletas intersexo como Imani Calif levanta quest\u00f5es adicionais. A carga hormonal dos atletas pode influenciar significativamente seu desempenho esportivo, o que pode gerar desafios de equidade e justi\u00e7a competitiva. Por isso, a inclus\u00e3o de atletas intersexo nos Jogos Ol\u00edmpicos requer uma an\u00e1lise cuidadosa, que considere os impactos n\u00e3o apenas para o atleta em quest\u00e3o, mas tamb\u00e9m para a integridade do esporte como um todo.<\/p>\n<p>### A import\u00e2ncia da decis\u00e3o<\/p>\n<p>Diante desse cen\u00e1rio complexo, \u00e9 crucial que seja tomada uma decis\u00e3o justa e equilibrada em rela\u00e7\u00e3o \u00e0 participa\u00e7\u00e3o de Imani Calif nos Jogos Ol\u00edmpicos. \u00c9 essencial que se leve em considera\u00e7\u00e3o n\u00e3o apenas os direitos do atleta, mas tamb\u00e9m a integridade e a equidade do esporte, para garantir um ambiente competitivo saud\u00e1vel e justo para todos os envolvidos.<\/p>\n<p>#### Apoio e inclus\u00e3o<\/p>\n<p>Independentemente da decis\u00e3o final, \u00e9 fundamental que Imani Calif receba todo o suporte necess\u00e1rio para encontrar seu lugar no mundo do esporte, seja ele dentro ou fora das competi\u00e7\u00f5es ol\u00edmpicas. \u00c9 preciso garantir que atletas intersexo tenham oportunidades de participar ativamente do esporte, respeitando suas necessidades individuais e preservando a integridade e a equidade das competi\u00e7\u00f5es.<\/p>\n<p>#### Em busca de solu\u00e7\u00f5es<\/p>\n<p>A quest\u00e3o da participa\u00e7\u00e3o de atletas intersexo nos Jogos Ol\u00edmpicos \u00e9 um desafio complexo, que exige di\u00e1logo e colabora\u00e7\u00e3o entre as partes envolvidas. \u00c9 importante que se busquem solu\u00e7\u00f5es que garantam a inclus\u00e3o e o respeito aos direitos individuais, ao mesmo tempo em que se preserva a integridade e a equidade do esporte de alto rendimento. A busca por um equil\u00edbrio justo e sustent\u00e1vel \u00e9 essencial para o futuro do esporte e para a promo\u00e7\u00e3o da igualdade e da diversidade em todas as suas formas.<\/p>\n<hr class=\"wp-block-separator has-alpha-channel-opacity\"\/>\n<p>As opini\u00f5es expressas neste espa\u00e7o s\u00e3o de responsabilidade exclusiva do <strong>Canal do Youtube <a href=\"https:\/\/ciclo-news.com\/br\/tag\/powerlink-bike\/\" rel=\"noreferrer noopener\">Powerlink Bike<\/a><\/strong> e n\u00e3o necessariamente representam o pensamento da <strong><a href=\"https:\/\/ciclo-news.com\/br\/\" target=\"_blank\" rel=\"noreferrer noopener\">Ciclo News Brasil<\/a><\/strong>.<\/p>\n<hr class=\"wp-block-separator has-alpha-channel-opacity\"\/>\n<nav aria-label=\"breadcrumbs\" class=\"rank-math-breadcrumb\"><p><span class=\"last\">CicloNews<\/span><\/p><\/nav><\/p>\n","protected":false},"excerpt":{"rendered":"<p>August 5, 2024 | Powerlink Bike Fonte: Canal Youtube Powerlink Bike: August 5, 2024 Video August 5, 2024 Video August 5, 2024 com o Samuel Ferraz do Canal do Youtube Powerlink Bike. August 5, 2024 com Powerlink Bike A bicicleta Powerlink \u00e9 uma inova\u00e7\u00e3o revolucion\u00e1ria no mundo do ciclismo de competi\u00e7\u00e3o. Com sua tecnologia avan\u00e7ada [&hellip;]<\/p>\n","protected":false},"author":2,"featured_media":25230,"comment_status":"closed","ping_status":"closed","sticky":false,"template":"","format":"standard","meta":{"rop_custom_images_group":[],"rop_custom_messages_group":[],"rop_publish_now":"initial","rop_publish_now_accounts":{"twitter_2962033655_2962033655":""},"rop_publish_now_history":[],"rop_publish_now_status":"pending","_trash_the_other_posts":false,"editor_notices":[],"footnotes":""},"categories":[3],"tags":[368],"class_list":["post-25228","post","type-post","status-publish","format-standard","has-post-thumbnail","hentry","category-estrada","tag-powerlink-bike"],"blocksy_meta":[],"_links":{"self":[{"href":"https:\/\/ciclo-news.com\/br\/wp-json\/wp\/v2\/posts\/25228","targetHints":{"allow":["GET"]}}],"collection":[{"href":"https:\/\/ciclo-news.com\/br\/wp-json\/wp\/v2\/posts"}],"about":[{"href":"https:\/\/ciclo-news.com\/br\/wp-json\/wp\/v2\/types\/post"}],"author":[{"embeddable":true,"href":"https:\/\/ciclo-news.com\/br\/wp-json\/wp\/v2\/users\/2"}],"replies":[{"embeddable":true,"href":"https:\/\/ciclo-news.com\/br\/wp-json\/wp\/v2\/comments?post=25228"}],"version-history":[{"count":0,"href":"https:\/\/ciclo-news.com\/br\/wp-json\/wp\/v2\/posts\/25228\/revisions"}],"wp:featuredmedia":[{"embeddable":true,"href":"https:\/\/ciclo-news.com\/br\/wp-json\/wp\/v2\/media\/25230"}],"wp:attachment":[{"href":"https:\/\/ciclo-news.com\/br\/wp-json\/wp\/v2\/media?parent=25228"}],"wp:term":[{"taxonomy":"category","embeddable":true,"href":"https:\/\/ciclo-news.com\/br\/wp-json\/wp\/v2\/categories?post=25228"},{"taxonomy":"post_tag","embeddable":true,"href":"https:\/\/ciclo-news.com\/br\/wp-json\/wp\/v2\/tags?post=25228"}],"curies":[{"name":"wp","href":"https:\/\/api.w.org\/{rel}","templated":true}]}}