{"id":24991,"date":"2024-07-19T16:11:43","date_gmt":"2024-07-19T16:11:43","guid":{"rendered":"https:\/\/ciclo-news.com\/br\/atropelo-e-emocao-na-etapa-19-do-tour-de-france-2024\/"},"modified":"2024-07-19T16:11:43","modified_gmt":"2024-07-19T16:11:43","slug":"atropelo-e-emocao-na-etapa-19-do-tour-de-france-2024","status":"publish","type":"post","link":"https:\/\/ciclo-news.com\/br\/atropelo-e-emocao-na-etapa-19-do-tour-de-france-2024\/","title":{"rendered":"ATROPELO E EMO\u00c7\u00c3O NA ETAPA 19 do TOUR DE FRANCE 2024"},"content":{"rendered":"<h2>ATROPELO E EMO\u00c7\u00c3O NA ETAPA 19 do TOUR DE FRANCE 2024 com Alta Performance Ciclismo<\/h2>\n<p><iframe loading=\"lazy\" title=\"ATROPELO E EMO\u00c7\u00c3O NA ETAPA 19 do TOUR DE FRANCE 2024\" width=\"1290\" height=\"726\" src=\"https:\/\/www.youtube.com\/embed\/9iGLMRKitco?feature=oembed\" frameborder=\"0\" allow=\"accelerometer; autoplay; clipboard-write; encrypted-media; gyroscope; picture-in-picture; web-share\" referrerpolicy=\"strict-origin-when-cross-origin\" allowfullscreen><\/iframe><br \/>\nFonte: <a href=\"https:\/\/www.youtube.com\/watch?v=9iGLMRKitco\" rel=\"nofollow noopener\" target=\"_blank\">Canal Youtube Alta Performance Ciclismo: ATROPELO E EMO\u00c7\u00c3O NA ETAPA 19 do TOUR DE FRANCE 2024<\/a><\/p>\n<h3>Video ATROPELO E EMO\u00c7\u00c3O NA ETAPA 19 do TOUR DE FRANCE 2024 com Alta Performance Ciclismo<\/h3>\n<p>Video <strong>ATROPELO E EMO\u00c7\u00c3O NA ETAPA 19 do TOUR DE FRANCE 2024<\/strong> com a <strong>Cris Silva<\/strong> do Canal do Youtube <strong><a href=\"https:\/\/ciclo-news.com\/br\/tag\/alta-performance-ciclismo\/\">Alta Performance Ciclismo<\/a><\/strong>.<\/p>\n<h2>ATROPELO E EMO\u00c7\u00c3O NA ETAPA 19 do TOUR DE FRANCE 2024<\/h2>\n<p>**Alta Performance Ciclismo: Tour de France 2024**<\/p>\n<p>A 19\u00aa etapa do Tour de France 2024 foi marcada por intensas emo\u00e7\u00f5es e desafios, com os ciclistas se aproximando do final da competi\u00e7\u00e3o. Com 144 km de percurso e 4400m de subida acumulada, esta etapa foi considerada uma das mais desafiadoras do Tour. Com tr\u00eas montanhas praticamente consecutivas, os desafios eram constantes e exigiam o m\u00e1ximo dos atletas.<\/p>\n<p>### A Fuga e a Estrat\u00e9gia da Equipe Vism<\/p>\n<p>Logo no in\u00edcio da etapa, uma fuga foi formada por cinco ciclistas de equipes distintas, incluindo Joren, Hindley, Carapaz, Yates e Kelderman. A participa\u00e7\u00e3o da equipe Visma com dois atletas nessa fuga levantou questionamentos sobre suas estrat\u00e9gias. Com a possibilidade de lan\u00e7ar esses dois ciclistas para se encontrarem com Jonas Vingar em um ataque posterior ou, at\u00e9 mesmo, de sacrificar a disputa pela classifica\u00e7\u00e3o geral em prol de uma vit\u00f3ria de etapa, a equipe Visma mostrou ousadia e determina\u00e7\u00e3o.<\/p>\n<p>### A Disputa na \u00daltima Montanha<\/p>\n<p>Ao se aproximarem da \u00faltima montanha do percurso, a visma mostrou sua for\u00e7a com um ataque de Joren, que buscou se distanciar dos demais competidores e lutar pela vit\u00f3ria. Enquanto isso, o pelot\u00e3o dos l\u00edderes tamb\u00e9m se mantinha forte, acompanhando o ritmo imposto pelas equipes em busca de posi\u00e7\u00f5es mais vantajosas.<\/p>\n<p>### O Desgaste e a Resist\u00eancia<\/p>\n<p>Com a chegada da reta final da etapa, a fadiga se tornava mais evidente, especialmente entre os ciclistas que haviam participado da fuga. O esfor\u00e7o era intenso e a resist\u00eancia era posta \u00e0 prova, resultando em momentos emocionantes e de grande desgaste f\u00edsico e emocional.<\/p>\n<p>### A Estrat\u00e9gia da Emirates e a Lideran\u00e7a do POG<\/p>\n<p>A equipe Emirates adotou uma estrat\u00e9gia diferenciada, com Yates liderando o pelot\u00e3o em vez de Jo\u00e3o Almeida, sinalizando uma mudan\u00e7a de planos para a defesa das posi\u00e7\u00f5es no ranking geral. Enquanto isso, o POG demonstrava sua lideran\u00e7a e controle da situa\u00e7\u00e3o, atacando de forma estrat\u00e9gica e mantendo-se firme na busca por mais uma vit\u00f3ria.<\/p>\n<p>### A Batalha pelo Segundo Lugar<\/p>\n<p>A disputa pelo segundo lugar intensificou-se entre o l\u00edder do ranking geral, Jonas Vingar, e o renco, que buscava diminuir a diferen\u00e7a para garantir uma melhor posi\u00e7\u00e3o. Com o desgaste evidente em Vingar, a batalha se tornava ainda mais acirrada e desafiadora, culminando em um desfecho emocionante e revelador.<\/p>\n<p>### A Emo\u00e7\u00e3o e o Esp\u00edrito de Luta<\/p>\n<p>No momento da chegada, a emo\u00e7\u00e3o tomou conta dos competidores, especialmente de Vingar, que, mesmo exausto, mostrou seu esp\u00edrito de luta e determina\u00e7\u00e3o. O apoio da equipe e a presen\u00e7a de sua esposa foram fundamentais para suportar o desgaste f\u00edsico e emocional ap\u00f3s mais um dia intenso de competi\u00e7\u00e3o.<\/p>\n<p>### Conclus\u00e3o<\/p>\n<p>A 19\u00aa etapa do Tour de France 2024 foi marcada por desafios, estrat\u00e9gias ousadas e emo\u00e7\u00f5es intensas. Com ciclistas superando seus limites e se entregando ao m\u00e1ximo, a competi\u00e7\u00e3o mostrou a verdadeira ess\u00eancia do ciclismo de alta performance. O desfecho de cada etapa revela n\u00e3o apenas os vencedores, mas tamb\u00e9m o esp\u00edrito de luta e supera\u00e7\u00e3o que permeia o mundo do ciclismo de elite. Que a pr\u00f3xima etapa reserve ainda mais surpresas e momentos memor\u00e1veis para todos os amantes do esporte.<\/p>\n<hr class=\"wp-block-separator has-alpha-channel-opacity\"\/>\n<p>As opini\u00f5es expressas neste espa\u00e7o s\u00e3o de responsabilidade exclusiva do <strong>Canal do Youtube <a href=\"https:\/\/ciclo-news.com\/br\/tag\/alta-performance-ciclismo\/\" rel=\"noreferrer noopener\">Alta Performance Ciclismo<\/a><\/strong> e n\u00e3o necessariamente representam o pensamento da <strong><a href=\"https:\/\/ciclo-news.com\/br\/\" target=\"_blank\" rel=\"noreferrer noopener\">Ciclo News Brasil<\/a><\/strong>.<\/p>\n<hr class=\"wp-block-separator has-alpha-channel-opacity\"\/>\n<nav aria-label=\"breadcrumbs\" class=\"rank-math-breadcrumb\"><p><span class=\"last\">CicloNews<\/span><\/p><\/nav><\/p>\n","protected":false},"excerpt":{"rendered":"<p>ATROPELO E EMO\u00c7\u00c3O NA ETAPA 19 do TOUR DE FRANCE 2024 com Alta Performance Ciclismo Fonte: Canal Youtube Alta Performance Ciclismo: ATROPELO E EMO\u00c7\u00c3O NA ETAPA 19 do TOUR DE FRANCE 2024 Video ATROPELO E EMO\u00c7\u00c3O NA ETAPA 19 do TOUR DE FRANCE 2024 com Alta Performance Ciclismo Video ATROPELO E EMO\u00c7\u00c3O NA ETAPA 19 [&hellip;]<\/p>\n","protected":false},"author":2,"featured_media":24993,"comment_status":"closed","ping_status":"closed","sticky":false,"template":"","format":"standard","meta":{"rop_custom_images_group":[],"rop_custom_messages_group":[],"rop_publish_now":"initial","rop_publish_now_accounts":{"twitter_2962033655_2962033655":""},"rop_publish_now_history":[],"rop_publish_now_status":"pending","_trash_the_other_posts":false,"editor_notices":[],"footnotes":""},"categories":[3,11],"tags":[337],"class_list":["post-24991","post","type-post","status-publish","format-standard","has-post-thumbnail","hentry","category-estrada","category-treinamento-de-ciclismo","tag-alta-performance-ciclismo"],"blocksy_meta":[],"_links":{"self":[{"href":"https:\/\/ciclo-news.com\/br\/wp-json\/wp\/v2\/posts\/24991","targetHints":{"allow":["GET"]}}],"collection":[{"href":"https:\/\/ciclo-news.com\/br\/wp-json\/wp\/v2\/posts"}],"about":[{"href":"https:\/\/ciclo-news.com\/br\/wp-json\/wp\/v2\/types\/post"}],"author":[{"embeddable":true,"href":"https:\/\/ciclo-news.com\/br\/wp-json\/wp\/v2\/users\/2"}],"replies":[{"embeddable":true,"href":"https:\/\/ciclo-news.com\/br\/wp-json\/wp\/v2\/comments?post=24991"}],"version-history":[{"count":0,"href":"https:\/\/ciclo-news.com\/br\/wp-json\/wp\/v2\/posts\/24991\/revisions"}],"wp:featuredmedia":[{"embeddable":true,"href":"https:\/\/ciclo-news.com\/br\/wp-json\/wp\/v2\/media\/24993"}],"wp:attachment":[{"href":"https:\/\/ciclo-news.com\/br\/wp-json\/wp\/v2\/media?parent=24991"}],"wp:term":[{"taxonomy":"category","embeddable":true,"href":"https:\/\/ciclo-news.com\/br\/wp-json\/wp\/v2\/categories?post=24991"},{"taxonomy":"post_tag","embeddable":true,"href":"https:\/\/ciclo-news.com\/br\/wp-json\/wp\/v2\/tags?post=24991"}],"curies":[{"name":"wp","href":"https:\/\/api.w.org\/{rel}","templated":true}]}}