{"id":24925,"date":"2024-07-13T21:40:06","date_gmt":"2024-07-13T21:40:06","guid":{"rendered":"https:\/\/ciclo-news.com\/br\/resumo-campeonato-mundial-de-xce-eliminator-aalen-alemanha\/"},"modified":"2024-07-13T21:40:06","modified_gmt":"2024-07-13T21:40:06","slug":"resumo-campeonato-mundial-de-xce-eliminator-aalen-alemanha","status":"publish","type":"post","link":"https:\/\/ciclo-news.com\/br\/resumo-campeonato-mundial-de-xce-eliminator-aalen-alemanha\/","title":{"rendered":"Resumo Campeonato Mundial de XCE &#8211; Eliminator &#8211; Aalen &#8211; Alemanha"},"content":{"rendered":"<h2>Resumo Campeonato Mundial de XCE &#8211; Eliminator &#8211; Aalen &#8211; Alemanha com Bike na Lama<\/h2>\n<p><iframe loading=\"lazy\" title=\"Resumo Campeonato Mundial de XCE - Eliminator - Aalen - Alemanha\" width=\"1290\" height=\"726\" src=\"https:\/\/www.youtube.com\/embed\/iY1d6zhidls?feature=oembed\" frameborder=\"0\" allow=\"accelerometer; autoplay; clipboard-write; encrypted-media; gyroscope; picture-in-picture; web-share\" referrerpolicy=\"strict-origin-when-cross-origin\" allowfullscreen><\/iframe><br \/>\nFonte: <a href=\"https:\/\/www.youtube.com\/watch?v=iY1d6zhidls\" rel=\"nofollow noopener\" target=\"_blank\">Canal Youtube Bike na Lama: Resumo Campeonato Mundial de XCE &#8211; Eliminator &#8211; Aalen &#8211; Alemanha<\/a><\/p>\n<h3>Video Resumo Campeonato Mundial de XCE &#8211; Eliminator &#8211; Aalen &#8211; Alemanha com Bike na Lama<\/h3>\n<p>Video Resumo Campeonato Mundial de XCE &#8211; Eliminator &#8211; Aalen &#8211; Alemanha do Canal do Youtube <a href=\"https:\/\/ciclo-news.com\/br\/tag\/bike-na-lama\/\">Bike na Lama<\/a>.<\/p>\n<h2>Resumo Campeonato Mundial de XCE &#8211; Eliminator &#8211; Aalen &#8211; Alemanha<\/h2>\n<p>O campeonato mundial de xce eliminator \u00e9 um evento emocionante que re\u00fane os melhores atletas do mundo na modalidade. Neste ano, a competi\u00e7\u00e3o aconteceu na Alemanha e contou com nomes de peso como os atuais campe\u00f5es mundiais Perry Garnier e Gaia Tormena. Al\u00e9m disso, tivemos a participa\u00e7\u00e3o de dois brasileiros, Caetano e Diego Kinob, que enfrentaram diversos desafios para representar o pa\u00eds no evento.<\/p>\n<p>No masculino, Diego Newman Kinobi infelizmente n\u00e3o conseguiu avan\u00e7ar para as baterias finais devido a uma queda no qualificat\u00f3rio. No entanto, ele fez hist\u00f3ria como o primeiro brasileiro a disputar um mundial na modalidade, demonstrando determina\u00e7\u00e3o e talento. O novo campe\u00e3o mundial foi o holand\u00eas Jer Van Eck, enquanto o campe\u00e3o anterior, Tit Perry, franc\u00eas, acabou nas oitavas de final.<\/p>\n<p>J\u00e1 no feminino, a brasileira Iara Caetano foi a \u00fanica representante do pa\u00eds este ano. Ela teve uma \u00f3tima performance no qualificat\u00f3rio, fechando na quarta coloca\u00e7\u00e3o e passando para as baterias. Em uma disputa acirrada, enfrentou a holandesa Did De Vries, conquistando a segunda coloca\u00e7\u00e3o e avan\u00e7ando para a pr\u00f3xima fase. A competi\u00e7\u00e3o foi intensa, com as quatro atletas se mantendo pr\u00f3ximas o tempo todo.<\/p>\n<p>Na semifinal, Iara enfrentou a italiana Gaia Tormena, atual campe\u00e3 mundial. Mesmo dando o seu melhor, a brasileira acabou em terceiro lugar, n\u00e3o avan\u00e7ando para a final. Gaia Tormena, por sua vez, dominou a competi\u00e7\u00e3o e conquistou mais um t\u00edtulo para sua cole\u00e7\u00e3o. Na disputa pela quinta coloca\u00e7\u00e3o, Iara garantiu o sexto lugar, mostrando sua garra e determina\u00e7\u00e3o.<\/p>\n<p>\u00c9 importante destacar o esfor\u00e7o e dedica\u00e7\u00e3o dos atletas brasileiros, que superaram todas as adversidades para representar o pa\u00eds no campeonato mundial. Mesmo diante de desafios pessoais, como o inc\u00eandio na oficina da fam\u00edlia de Iara, eles mostraram resili\u00eancia e comprometimento com o esporte. \u00c9 motivo de orgulho ver esses guerreiros levando a bandeira do Brasil para o cen\u00e1rio internacional, mostrando todo o potencial do ciclismo brasileiro.<\/p>\n<p>O pr\u00f3ximo desafio para o eliminator ser\u00e1 a Copa do Mundo em S\u00e3o Paulo, que acontecer\u00e1 durante a Shimano Fest em agosto. Este evento promete ser emocionante, com a presen\u00e7a dos melhores atletas do mundo competindo pela vit\u00f3ria. O bike na lama ter\u00e1 cobertura presencial do evento, trazendo todas as novidades e emo\u00e7\u00f5es direto para os f\u00e3s do esporte.<\/p>\n<p>Em resumo, o campeonato mundial de xce eliminator foi uma verdadeira prova de talento, determina\u00e7\u00e3o e supera\u00e7\u00e3o. Parab\u00e9ns a todos os atletas que participaram do evento e representaram seus pa\u00edses com garra e dedica\u00e7\u00e3o. Que esses exemplos inspirem novas gera\u00e7\u00f5es a se envolver no mundo do ciclismo e a buscar seus sonhos no esporte. Que venham mais desafios e conquistas para o ciclismo brasileiro!<\/p>\n<hr class=\"wp-block-separator has-alpha-channel-opacity\"\/>\n<p>As opini\u00f5es expressas neste espa\u00e7o s\u00e3o de responsabilidade exclusiva do <strong>Canal do Youtube <a href=\"https:\/\/ciclo-news.com\/br\/tag\/bike-na-lama\/\" rel=\"noreferrer noopener\">Bike na Lama<\/a><\/strong> e n\u00e3o necessariamente representam o pensamento da <strong><a href=\"https:\/\/ciclo-news.com\/br\/\" target=\"_blank\" rel=\"noreferrer noopener\">Ciclo News Brasil<\/a><\/strong>.<\/p>\n<hr class=\"wp-block-separator has-alpha-channel-opacity\"\/>\n<nav aria-label=\"breadcrumbs\" class=\"rank-math-breadcrumb\"><p><span class=\"last\">CicloNews<\/span><\/p><\/nav><\/p>\n","protected":false},"excerpt":{"rendered":"<p>Resumo Campeonato Mundial de XCE &#8211; Eliminator &#8211; Aalen &#8211; Alemanha com Bike na Lama Fonte: Canal Youtube Bike na Lama: Resumo Campeonato Mundial de XCE &#8211; Eliminator &#8211; Aalen &#8211; Alemanha Video Resumo Campeonato Mundial de XCE &#8211; Eliminator &#8211; Aalen &#8211; Alemanha com Bike na Lama Video Resumo Campeonato Mundial de XCE &#8211; [&hellip;]<\/p>\n","protected":false},"author":2,"featured_media":24927,"comment_status":"closed","ping_status":"closed","sticky":false,"template":"","format":"standard","meta":{"rop_custom_images_group":[],"rop_custom_messages_group":[],"rop_publish_now":"initial","rop_publish_now_accounts":{"twitter_2962033655_2962033655":""},"rop_publish_now_history":[],"rop_publish_now_status":"pending","_trash_the_other_posts":false,"editor_notices":[],"footnotes":""},"categories":[25],"tags":[329],"class_list":["post-24925","post","type-post","status-publish","format-standard","has-post-thumbnail","hentry","category-mountain-bike","tag-bike-na-lama"],"blocksy_meta":[],"_links":{"self":[{"href":"https:\/\/ciclo-news.com\/br\/wp-json\/wp\/v2\/posts\/24925","targetHints":{"allow":["GET"]}}],"collection":[{"href":"https:\/\/ciclo-news.com\/br\/wp-json\/wp\/v2\/posts"}],"about":[{"href":"https:\/\/ciclo-news.com\/br\/wp-json\/wp\/v2\/types\/post"}],"author":[{"embeddable":true,"href":"https:\/\/ciclo-news.com\/br\/wp-json\/wp\/v2\/users\/2"}],"replies":[{"embeddable":true,"href":"https:\/\/ciclo-news.com\/br\/wp-json\/wp\/v2\/comments?post=24925"}],"version-history":[{"count":0,"href":"https:\/\/ciclo-news.com\/br\/wp-json\/wp\/v2\/posts\/24925\/revisions"}],"wp:featuredmedia":[{"embeddable":true,"href":"https:\/\/ciclo-news.com\/br\/wp-json\/wp\/v2\/media\/24927"}],"wp:attachment":[{"href":"https:\/\/ciclo-news.com\/br\/wp-json\/wp\/v2\/media?parent=24925"}],"wp:term":[{"taxonomy":"category","embeddable":true,"href":"https:\/\/ciclo-news.com\/br\/wp-json\/wp\/v2\/categories?post=24925"},{"taxonomy":"post_tag","embeddable":true,"href":"https:\/\/ciclo-news.com\/br\/wp-json\/wp\/v2\/tags?post=24925"}],"curies":[{"name":"wp","href":"https:\/\/api.w.org\/{rel}","templated":true}]}}