{"id":24265,"date":"2024-05-23T11:58:43","date_gmt":"2024-05-23T11:58:43","guid":{"rendered":"https:\/\/ciclo-news.com\/br\/brm-600-km-audax-randonneurs-sao-paulo-holambra\/"},"modified":"2024-05-23T11:58:43","modified_gmt":"2024-05-23T11:58:43","slug":"brm-600-km-audax-randonneurs-sao-paulo-holambra","status":"publish","type":"post","link":"https:\/\/ciclo-news.com\/br\/brm-600-km-audax-randonneurs-sao-paulo-holambra\/","title":{"rendered":"BRM 600 KM | AUDAX RANDONNEURS S\u00c3O PAULO | HOLAMBRA"},"content":{"rendered":"<h2>BRM 600 KM | AUDAX RANDONNEURS S\u00c3O PAULO | HOLAMBRA com Bike parada n\u00e3o faz km<\/h2>\n<p><iframe loading=\"lazy\" title=\"BRM 600 KM | AUDAX RANDONNEURS S\u00c3O PAULO | HOLAMBRA | BIKE PARADA N\u00c3O FAZ KM\" width=\"1290\" height=\"726\" src=\"https:\/\/www.youtube.com\/embed\/W8Qyybxaqww?feature=oembed\" frameborder=\"0\" allow=\"accelerometer; autoplay; clipboard-write; encrypted-media; gyroscope; picture-in-picture; web-share\" referrerpolicy=\"strict-origin-when-cross-origin\" allowfullscreen><\/iframe><br \/>\nFonte: <a href=\"https:\/\/www.youtube.com\/watch?v=W8Qyybxaqww\" rel=\"nofollow noopener\" target=\"_blank\">Canal Youtube Bike parada n\u00e3o faz km: BRM 600 KM | AUDAX RANDONNEURS S\u00c3O PAULO | HOLAMBRA | BIKE PARADA N\u00c3O FAZ KM<\/a><\/p>\n<h3>Video BRM 600 KM | AUDAX RANDONNEURS S\u00c3O PAULO | HOLAMBRA com Bike parada n\u00e3o faz km<\/h3>\n<p>Video BRM 600 KM | AUDAX RANDONNEURS S\u00c3O PAULO | HOLAMBRA | BIKE PARADA N\u00c3O FAZ KM do Canal do Youtube <a href=\"https:\/\/ciclo-news.com\/br\/tag\/bike-parada-nao-faz-km\/\">Bike parada n\u00e3o faz km<\/a>.<\/p>\n<h2>BRM 600 KM | AUDAX RANDONNEURS S\u00c3O PAULO | HOLAMBRA | BIKE PARADA N\u00c3O FAZ KM<\/h2>\n<p>**O Desafio do BRM de 600 km: Uma Jornada de Supera\u00e7\u00e3o**<\/p>\n<p>Se voc\u00ea \u00e9 um amante de ciclismo, provavelmente j\u00e1 ouviu falar do famoso Desafio de Randonneurs Mondiaux (BRM) de 600 km. Essa \u00e9 uma das provas mais desafiadoras para os ciclistas que buscam testar seus limites f\u00edsicos e mentais, enfrentando longas dist\u00e2ncias e diferentes tipos de terreno. Neste artigo, vamos explorar a jornada de dois amigos, Tiba e PC1, que encararam esse desafio e compartilharam sua experi\u00eancia.<\/p>\n<p>**Prepara\u00e7\u00e3o e Partida**<\/p>\n<p>A jornada dos ciclistas come\u00e7ou em Hambra, com o despertar cedo e a ansiedade de enfrentar os 600 km que estavam pela frente. O rel\u00f3gio marcava 6 horas da manh\u00e3 quando eles iniciaram a pedalada em dire\u00e7\u00e3o a S\u00e3o Jos\u00e9 do Rio Pardo, passando por Mococa e retornando a Hambra. A primeira etapa foi de 60 km, e a determina\u00e7\u00e3o era clara: &#8220;parada n\u00e3o faz&#8221;.<\/p>\n<p>**Superando os Desafios**<\/p>\n<p>Conforme avan\u00e7avam na estrada, Tiba e PC1 encontravam diferentes obst\u00e1culos, desde subidas \u00edngremes at\u00e9 condi\u00e7\u00f5es clim\u00e1ticas adversas. A marca de 90 km se aproximava, e o esp\u00edrito de equipe era essencial para manter a motiva\u00e7\u00e3o. Comemoraram a chegada ao PC2, em meio \u00e0s paisagens deslumbrantes e ao incentivo m\u00fatuo.<\/p>\n<p>**Persist\u00eancia e Resili\u00eancia**<\/p>\n<p>\u00c0 medida que percorriam os quil\u00f4metros, a determina\u00e7\u00e3o dos ciclistas era evidente. O cansa\u00e7o se fazia presente, mas a paix\u00e3o pelo ciclismo e o apoio m\u00fatuo os impulsionava a continuar. Com aplausos, eles celebraram a conquista do PC2 e seguiram em frente, rumo ao pr\u00f3ximo desafio.<\/p>\n<p>**O Caminho de Volta**<\/p>\n<p>Ap\u00f3s passar por Mococa e retornar a Casa Branca, Tiba e PC1 encararam a segunda etapa da jornada. Com fotografias no PC Virtual e a mente focada no objetivo, eles fecharam a primeira perna da prova com 300 km percorridos. A prepara\u00e7\u00e3o para a pr\u00f3xima etapa, em dire\u00e7\u00e3o a Conchal, estava prestes a come\u00e7ar.<\/p>\n<p>**Reflex\u00e3o e Supera\u00e7\u00e3o**<\/p>\n<p>Durante o percurso, os ciclistas conseguiram encontrar momentos de descontra\u00e7\u00e3o e divers\u00e3o, fortalecendo a amizade e a parceria. A chegada ao PC5 marcou a metade do desafio, e uma refei\u00e7\u00e3o foi o momento ideal para recuperar as energias e se preparar para os quil\u00f4metros finais. A persist\u00eancia era a palavra de ordem: &#8220;parada n\u00e3o faz&#8221;.<\/p>\n<p>**A Reta Final**<\/p>\n<p>Com o amanhecer do domingo, Tiba e PC1 enfrentaram a \u00faltima etapa da jornada, partindo de Hambra em dire\u00e7\u00e3o a Piracicaba. O rel\u00f3gio marcava 6h35 da manh\u00e3, e os 400 km j\u00e1 percorridos serviam como inspira\u00e7\u00e3o para os quil\u00f4metros finais. O apoio m\u00fatuo e a determina\u00e7\u00e3o inabal\u00e1vel os guiavam nesse desafio \u00fanico.<\/p>\n<p>**A Chegada Triunfal**<\/p>\n<p>Ap\u00f3s enfrentarem os \u00faltimos obst\u00e1culos e percorrerem os 600 km estabelecidos, Tiba e PC1 finalmente chegaram ao ponto de partida. Com sorrisos de realiza\u00e7\u00e3o e aplausos, eles celebraram a conclus\u00e3o do desafio, provando que com perseveran\u00e7a e trabalho em equipe, \u00e9 poss\u00edvel superar qualquer obst\u00e1culo. A jornada do BRM de 600 km foi mais do que uma simples prova de resist\u00eancia, foi uma experi\u00eancia de supera\u00e7\u00e3o e amizade.<\/p>\n<p>**Conclus\u00e3o**<\/p>\n<p>O Desafio do BRM de 600 km \u00e9 uma prova que exige muito dos ciclistas, tanto fisicamente quanto mentalmente. A jornada de Tiba e PC1 nos mostra que com determina\u00e7\u00e3o, apoio m\u00fatuo e paix\u00e3o pelo ciclismo, \u00e9 poss\u00edvel superar os desafios mais dif\u00edceis e alcan\u00e7ar grandes conquistas. Que essa hist\u00f3ria inspire outros ciclistas a enfrentarem seus pr\u00f3prios desafios, sempre lembrando que a persist\u00eancia e a camaradagem s\u00e3o essenciais para alcan\u00e7ar o sucesso.<\/p>\n<hr class=\"wp-block-separator has-alpha-channel-opacity\"\/>\n<p>As opini\u00f5es expressas neste espa\u00e7o s\u00e3o de responsabilidade exclusiva do <strong>Canal do Youtube <a href=\"https:\/\/ciclo-news.com\/br\/tag\/bike-parada-nao-faz-km\/\" rel=\"noreferrer noopener\">Bike parada n\u00e3o faz km<\/a><\/strong> e n\u00e3o necessariamente representam o pensamento da <strong><a href=\"https:\/\/ciclo-news.com\/br\/\" target=\"_blank\" rel=\"noreferrer noopener\">Ciclo News Brasil<\/a><\/strong>.<\/p>\n<hr class=\"wp-block-separator has-alpha-channel-opacity\"\/>\n<nav aria-label=\"breadcrumbs\" class=\"rank-math-breadcrumb\"><p><span class=\"last\">CicloNews<\/span><\/p><\/nav><\/p>\n","protected":false},"excerpt":{"rendered":"<p>BRM 600 KM | AUDAX RANDONNEURS S\u00c3O PAULO | HOLAMBRA com Bike parada n\u00e3o faz km Fonte: Canal Youtube Bike parada n\u00e3o faz km: BRM 600 KM | AUDAX RANDONNEURS S\u00c3O PAULO | HOLAMBRA | BIKE PARADA N\u00c3O FAZ KM Video BRM 600 KM | AUDAX RANDONNEURS S\u00c3O PAULO | HOLAMBRA com Bike parada n\u00e3o [&hellip;]<\/p>\n","protected":false},"author":2,"featured_media":24267,"comment_status":"closed","ping_status":"closed","sticky":false,"template":"","format":"standard","meta":{"rop_custom_images_group":[],"rop_custom_messages_group":[],"rop_publish_now":"initial","rop_publish_now_accounts":{"twitter_2962033655_2962033655":""},"rop_publish_now_history":[],"rop_publish_now_status":"pending","_trash_the_other_posts":false,"editor_notices":[],"footnotes":""},"categories":[3,35],"tags":[328],"class_list":["post-24265","post","type-post","status-publish","format-standard","has-post-thumbnail","hentry","category-estrada","category-randonneurs","tag-bike-parada-nao-faz-km"],"blocksy_meta":[],"_links":{"self":[{"href":"https:\/\/ciclo-news.com\/br\/wp-json\/wp\/v2\/posts\/24265","targetHints":{"allow":["GET"]}}],"collection":[{"href":"https:\/\/ciclo-news.com\/br\/wp-json\/wp\/v2\/posts"}],"about":[{"href":"https:\/\/ciclo-news.com\/br\/wp-json\/wp\/v2\/types\/post"}],"author":[{"embeddable":true,"href":"https:\/\/ciclo-news.com\/br\/wp-json\/wp\/v2\/users\/2"}],"replies":[{"embeddable":true,"href":"https:\/\/ciclo-news.com\/br\/wp-json\/wp\/v2\/comments?post=24265"}],"version-history":[{"count":0,"href":"https:\/\/ciclo-news.com\/br\/wp-json\/wp\/v2\/posts\/24265\/revisions"}],"wp:featuredmedia":[{"embeddable":true,"href":"https:\/\/ciclo-news.com\/br\/wp-json\/wp\/v2\/media\/24267"}],"wp:attachment":[{"href":"https:\/\/ciclo-news.com\/br\/wp-json\/wp\/v2\/media?parent=24265"}],"wp:term":[{"taxonomy":"category","embeddable":true,"href":"https:\/\/ciclo-news.com\/br\/wp-json\/wp\/v2\/categories?post=24265"},{"taxonomy":"post_tag","embeddable":true,"href":"https:\/\/ciclo-news.com\/br\/wp-json\/wp\/v2\/tags?post=24265"}],"curies":[{"name":"wp","href":"https:\/\/api.w.org\/{rel}","templated":true}]}}