{"id":23929,"date":"2024-04-21T01:05:07","date_gmt":"2024-04-21T01:05:07","guid":{"rendered":"https:\/\/ciclo-news.com\/br\/resumo-da-world-cup-2024-xcc-elite-2a-etapa-em-araxa\/"},"modified":"2024-04-21T01:05:07","modified_gmt":"2024-04-21T01:05:07","slug":"resumo-da-world-cup-2024-xcc-elite-2a-etapa-em-araxa","status":"publish","type":"post","link":"https:\/\/ciclo-news.com\/br\/resumo-da-world-cup-2024-xcc-elite-2a-etapa-em-araxa\/","title":{"rendered":"Resumo da World Cup 2024 &#8211; XCC Elite 2\u00aa Etapa em Arax\u00e1"},"content":{"rendered":"<h2>Resumo da World Cup 2024 &#8211; XCC Elite 2\u00aa Etapa em Arax\u00e1 com Bike na Lama<\/h2>\n<p><iframe loading=\"lazy\" title=\"Resumo da World Cup 2024 - XCC Elite 2\u00aa Etapa em Arax\u00e1\" width=\"1290\" height=\"726\" src=\"https:\/\/www.youtube.com\/embed\/h9CFmzD_G08?feature=oembed\" frameborder=\"0\" allow=\"accelerometer; autoplay; clipboard-write; encrypted-media; gyroscope; picture-in-picture; web-share\" referrerpolicy=\"strict-origin-when-cross-origin\" allowfullscreen><\/iframe><br \/>\nFonte: <a href=\"https:\/\/www.youtube.com\/watch?v=h9CFmzD_G08\" rel=\"nofollow noopener\" target=\"_blank\">Canal Youtube Bike na Lama: Resumo da World Cup 2024 &#8211; XCC Elite 2\u00aa Etapa em Arax\u00e1<\/a><\/p>\n<h3>Video Resumo da World Cup 2024 &#8211; XCC Elite 2\u00aa Etapa em Arax\u00e1 com Bike na Lama<\/h3>\n<p>Video Resumo da World Cup 2024 &#8211; XCC Elite 2\u00aa Etapa em Arax\u00e1 do Canal do Youtube <a href=\"https:\/\/ciclo-news.com\/br\/tag\/bike-na-lama\/\">Bike na Lama<\/a>.<\/p>\n<h2>Resumo da World Cup 2024 &#8211; XCC Elite 2\u00aa Etapa em Arax\u00e1<\/h2>\n<p>O Brasil \u00e9 reconhecido internacionalmente por sediar grandes eventos esportivos, e a Copa do Mundo de Mountain Bike n\u00e3o poderia ser diferente. No Templo Sagrado do esporte em Arach, os melhores atletas do mundo se re\u00fanem para competir em emocionantes provas de XC masculino e feminino.<\/p>\n<p>A competi\u00e7\u00e3o \u00e9 acirrada desde o in\u00edcio, com atletas de elite mostrando todo o seu talento e habilidade nas trilhas desafiadoras de Arach. A energia no ar \u00e9 contagiante, com os fot\u00f3grafos correndo para capturar os melhores momentos e os espectadores lotando o Grande Hotel para acompanhar de perto as emo\u00e7\u00f5es do evento.<\/p>\n<p>No XC feminino, as atletas mostram toda a sua garra e determina\u00e7\u00e3o ao enfrentar as duras subidas e descidas do percurso. Alessandra Keller, Jenny RT e EV Richards se destacam na lideran\u00e7a, proporcionando um espet\u00e1culo emocionante para o p\u00fablico presente.<\/p>\n<p>Enquanto isso, no XC masculino, a disputa \u00e9 acirrada entre os melhores do mundo. Atletas como Lucas Schauer, Charlie Aldridge e Christopher Blevin se destacam na lideran\u00e7a, mostrando porque s\u00e3o considerados os top no mountain bike.<\/p>\n<p>Cada posi\u00e7\u00e3o conta na classifica\u00e7\u00e3o geral da Copa do Mundo, e os atletas lutam at\u00e9 o \u00faltimo segundo para garantir seu lugar no p\u00f3dio. O p\u00fablico vibra e aplaude a cada ultrapassagem e momento de supera\u00e7\u00e3o dos competidores, criando um clima de emo\u00e7\u00e3o e adrenalina.<\/p>\n<p>Ao final das provas, os vencedores s\u00e3o coroados e o p\u00f3dio \u00e9 montado para celebrar os atletas que se destacaram na competi\u00e7\u00e3o. A campe\u00e3 EV Richards, o vitorioso Martim Vidal e os demais atletas recebem o reconhecimento do p\u00fablico e a honra de subir ao p\u00f3dio para receber suas medalhas e trof\u00e9us.<\/p>\n<p>A Copa do Mundo de Mountain Bike \u00e9 muito mais do que uma competi\u00e7\u00e3o esportiva, \u00e9 uma celebra\u00e7\u00e3o da paix\u00e3o, determina\u00e7\u00e3o e talento dos atletas que dedicam suas vidas ao esporte. \u00c9 um evento que re\u00fane pessoas de todos os cantos do mundo em torno de uma paix\u00e3o comum, promovendo a amizade, o respeito e a supera\u00e7\u00e3o.<\/p>\n<p>No Brasil, o mountain bike \u00e9 mais do que um esporte, \u00e9 parte da cultura e identidade do pa\u00eds. E eventos como a Copa do Mundo de Mountain Bike em Arach ajudam a promover o esporte e inspirar futuras gera\u00e7\u00f5es de atletas a perseguir seus sonhos e alcan\u00e7ar o sucesso nas trilhas e competi\u00e7\u00f5es ao redor do mundo.<\/p>\n<p>Em resumo, a Copa do Mundo de Mountain Bike em Arach \u00e9 um evento emocionante e inspirador que celebra o talento, a determina\u00e7\u00e3o e a paix\u00e3o dos melhores atletas do mundo. \u00c9 uma oportunidade \u00fanica de vivenciar toda a emo\u00e7\u00e3o e adrenalina do mountain bike de elite, e um momento inesquec\u00edvel para todos os envolvidos.<\/p>\n<hr class=\"wp-block-separator has-alpha-channel-opacity\"\/>\n<p>As opini\u00f5es expressas neste espa\u00e7o s\u00e3o de responsabilidade exclusiva do <strong>Canal do Youtube <a href=\"https:\/\/ciclo-news.com\/br\/tag\/bike-na-lama\/\" rel=\"noreferrer noopener\">Bike na Lama<\/a><\/strong> e n\u00e3o necessariamente representam o pensamento da <strong><a href=\"https:\/\/ciclo-news.com\/br\/\" target=\"_blank\" rel=\"noreferrer noopener\">Ciclo News Brasil<\/a><\/strong>.<\/p>\n<hr class=\"wp-block-separator has-alpha-channel-opacity\"\/>\n<nav aria-label=\"breadcrumbs\" class=\"rank-math-breadcrumb\"><p><span class=\"last\">CicloNews<\/span><\/p><\/nav><\/p>\n","protected":false},"excerpt":{"rendered":"<p>Resumo da World Cup 2024 &#8211; XCC Elite 2\u00aa Etapa em Arax\u00e1 com Bike na Lama Fonte: Canal Youtube Bike na Lama: Resumo da World Cup 2024 &#8211; XCC Elite 2\u00aa Etapa em Arax\u00e1 Video Resumo da World Cup 2024 &#8211; XCC Elite 2\u00aa Etapa em Arax\u00e1 com Bike na Lama Video Resumo da World [&hellip;]<\/p>\n","protected":false},"author":2,"featured_media":23931,"comment_status":"closed","ping_status":"closed","sticky":false,"template":"","format":"standard","meta":{"rop_custom_images_group":[],"rop_custom_messages_group":[],"rop_publish_now":"initial","rop_publish_now_accounts":{"twitter_2962033655_2962033655":""},"rop_publish_now_history":[],"rop_publish_now_status":"pending","_trash_the_other_posts":false,"editor_notices":[],"footnotes":""},"categories":[25],"tags":[329],"class_list":["post-23929","post","type-post","status-publish","format-standard","has-post-thumbnail","hentry","category-mountain-bike","tag-bike-na-lama"],"blocksy_meta":[],"_links":{"self":[{"href":"https:\/\/ciclo-news.com\/br\/wp-json\/wp\/v2\/posts\/23929","targetHints":{"allow":["GET"]}}],"collection":[{"href":"https:\/\/ciclo-news.com\/br\/wp-json\/wp\/v2\/posts"}],"about":[{"href":"https:\/\/ciclo-news.com\/br\/wp-json\/wp\/v2\/types\/post"}],"author":[{"embeddable":true,"href":"https:\/\/ciclo-news.com\/br\/wp-json\/wp\/v2\/users\/2"}],"replies":[{"embeddable":true,"href":"https:\/\/ciclo-news.com\/br\/wp-json\/wp\/v2\/comments?post=23929"}],"version-history":[{"count":0,"href":"https:\/\/ciclo-news.com\/br\/wp-json\/wp\/v2\/posts\/23929\/revisions"}],"wp:featuredmedia":[{"embeddable":true,"href":"https:\/\/ciclo-news.com\/br\/wp-json\/wp\/v2\/media\/23931"}],"wp:attachment":[{"href":"https:\/\/ciclo-news.com\/br\/wp-json\/wp\/v2\/media?parent=23929"}],"wp:term":[{"taxonomy":"category","embeddable":true,"href":"https:\/\/ciclo-news.com\/br\/wp-json\/wp\/v2\/categories?post=23929"},{"taxonomy":"post_tag","embeddable":true,"href":"https:\/\/ciclo-news.com\/br\/wp-json\/wp\/v2\/tags?post=23929"}],"curies":[{"name":"wp","href":"https:\/\/api.w.org\/{rel}","templated":true}]}}