{"id":23209,"date":"2024-02-09T21:01:12","date_gmt":"2024-02-09T21:01:12","guid":{"rendered":"https:\/\/ciclo-news.com\/br\/disciplina-vs-motivacao-o-que-e-mais-importante\/"},"modified":"2024-02-09T21:01:12","modified_gmt":"2024-02-09T21:01:12","slug":"disciplina-vs-motivacao-o-que-e-mais-importante","status":"publish","type":"post","link":"https:\/\/ciclo-news.com\/br\/disciplina-vs-motivacao-o-que-e-mais-importante\/","title":{"rendered":"DISCIPLINA VS MOTIVA\u00c7\u00c3O | O que \u00e9 mais importante?"},"content":{"rendered":"<h2>DISCIPLINA VS MOTIVA\u00c7\u00c3O | O que \u00e9 mais importante? &#8211; Minha Bike Life Style<\/h2>\n<p><iframe loading=\"lazy\" title=\"DISCIPLINA VS MOTIVA\u00c7\u00c3O | O que \u00e9 mais importante? - Minha Bike Life Style\" width=\"1290\" height=\"726\" src=\"https:\/\/www.youtube.com\/embed\/PZqjkYkI4zE?feature=oembed\" frameborder=\"0\" allow=\"accelerometer; autoplay; clipboard-write; encrypted-media; gyroscope; picture-in-picture; web-share\" allowfullscreen><\/iframe><br \/>\nFonte: <a href=\"https:\/\/www.youtube.com\/watch?v=PZqjkYkI4zE\" rel=\"nofollow noopener\" target=\"_blank\">Canal Youtube Minha Bike Life Style: DISCIPLINA VS MOTIVA\u00c7\u00c3O | O que \u00e9 mais importante? &#8211; Minha Bike Life Style<\/a><\/p>\n<h3>Video DISCIPLINA VS MOTIVA\u00c7\u00c3O | O que \u00e9 mais importante? &#8211; Minha Bike Life Style<\/h3>\n<p>Video <strong>DISCIPLINA VS MOTIVA\u00c7\u00c3O | O que \u00e9 mais importante? &#8211; Minha Bike Life Style<\/strong> com o <strong>Mois\u00e9s Nairon<\/strong> e o <strong>Oscar Lenhart<\/strong> do Canal do Youtube <strong><a href=\"https:\/\/ciclo-news.com\/br\/tag\/minha-bike-life-style\/\">Minha Bike Life Style<\/a><\/strong>.<\/p>\n<h2>DISCIPLINA VS MOTIVA\u00c7\u00c3O | O que \u00e9 mais importante? &#8211; Minha Bike Life Style<\/h2>\n<h2>Minha Bike Life Style: Motiva\u00e7\u00e3o ou Disciplina &#8211; Qual \u00e9 mais Importante?<\/h2>\n<p>A motiva\u00e7\u00e3o e disciplina s\u00e3o dois elementos essenciais para quem pratica ciclismo. E \u00e9 comum questionar qual dos dois \u00e9 mais importante para manter um estilo de vida ativo e consistente. Neste artigo, vamos explorar a import\u00e2ncia de ambos, bem como sua interdepend\u00eancia, e como eles se aplicam n\u00e3o apenas ao ciclismo, mas tamb\u00e9m a vida em geral.<\/p>\n<h3>Motiva\u00e7\u00e3o: O Primeiro Passo<\/h3>\n<p>A motiva\u00e7\u00e3o \u00e9 o combust\u00edvel inicial que nos impulsiona a agir. \u00c9 o que nos leva a acordar cedo para fazer um pedal matinal, a planejar o treino, a cuidar da prepara\u00e7\u00e3o da bicicleta e dos equipamentos. Ela inspira nossas escolhas e nos impulsiona a come\u00e7ar. A motiva\u00e7\u00e3o \u00e9, em ess\u00eancia, um estado emocional tempor\u00e1rio, que nos impulsiona a querer fazer algo diferente, a desejar mudan\u00e7as e a almejar um estilo de vida mais ativo e saud\u00e1vel com a pr\u00e1tica do ciclismo.<\/p>\n<h4>Encontrando Motiva\u00e7\u00e3o Di\u00e1ria<\/h4>\n<p>Encontrar motiva\u00e7\u00e3o di\u00e1ria pode ser desafiador, especialmente quando o rel\u00f3gio toca de manh\u00e3 cedo e a cama parece o lugar mais confort\u00e1vel do mundo. Neste sentido, pequenos gatilhos emocionais, como assistir a um v\u00eddeo motivacional, ler uma frase inspiradora ou mesmo compartilhar experi\u00eancias com outros ciclistas podem reacender a chama da motiva\u00e7\u00e3o e nos impulsionar a sair para pedalar.<\/p>\n<h3>Disciplina: O Pilar da Consist\u00eancia<\/h3>\n<p>Por outro lado, a disciplina \u00e9 a base da consist\u00eancia e da responsabilidade. Ela nos leva a cumprir com nossos compromissos, mesmo quando a motiva\u00e7\u00e3o inicial j\u00e1 se dissipou. No ciclismo, a disciplina nos faz levantar da cama cedo mesmo quando tudo o que queremos \u00e9 ficar mais um pouco debaixo das cobertas. \u00c9 o estado de responsabilidade que nos leva a cumprir nossos planos e a evoluir, tanto nos treinos quanto na vida di\u00e1ria.<\/p>\n<h4>Benef\u00edcios Al\u00e9m do Pedal<\/h4>\n<p>Al\u00e9m disso, a disciplina adquirida com o ciclismo se reflete tamb\u00e9m em outros aspectos da vida, tornando-nos mais organizados, persistentes e focados em nossas metas. Ela nos proporciona melhores resultados em diversas \u00e1reas, estimulando o crescimento pessoal e profissional.<\/p>\n<h3>Motiva\u00e7\u00e3o e Disciplina: Harmonia no Pedal<\/h3>\n<p>Ambos os elementos, motiva\u00e7\u00e3o e disciplina, s\u00e3o essenciais para manter um estilo de vida ativo e saud\u00e1vel. Enquanto a motiva\u00e7\u00e3o nos impulsiona a come\u00e7ar, a disciplina nos mant\u00e9m consistentes e respons\u00e1veis, garantindo que continuemos evoluindo, mesmo nos dias em que a motiva\u00e7\u00e3o inicial parece distante.<\/p>\n<h4>Coment\u00e1rios e Reflex\u00f5es<\/h4>\n<p>Qual dos dois \u00e9 mais importante para voc\u00ea? O que te motiva n\u00e3o apenas a pedalar, mas a enfrentar as atividades do dia a dia? Compartilhe suas reflex\u00f5es nos coment\u00e1rios e vamos juntos explorar como motivar e disciplinar-nos para uma vida mais ativa e saud\u00e1vel.<\/p>\n<p>E por fim, lembre-se de dar like, compartilhar e se inscrever para mais conte\u00fado motivacional e disciplinar sobre ciclismo. At\u00e9 o pr\u00f3ximo pedal! Tchau!<\/p>\n<hr class=\"wp-block-separator has-alpha-channel-opacity\"\/>\n<p>As opini\u00f5es expressas neste espa\u00e7o s\u00e3o de responsabilidade exclusiva do <strong>Canal do Youtube <a href=\"https:\/\/ciclo-news.com\/br\/tag\/minha-bike-life-style\/\" rel=\"noreferrer noopener\">Minha Bike Life Style<\/a><\/strong> e n\u00e3o necessariamente representam o pensamento da <strong><a href=\"https:\/\/ciclo-news.com\/br\/\" target=\"_blank\" rel=\"noreferrer noopener\">Ciclo News Brasil<\/a><\/strong>.<\/p>\n<hr class=\"wp-block-separator has-alpha-channel-opacity\"\/>\n<nav aria-label=\"breadcrumbs\" class=\"rank-math-breadcrumb\"><p><span class=\"last\">CicloNews<\/span><\/p><\/nav><\/p>\n","protected":false},"excerpt":{"rendered":"<p>DISCIPLINA VS MOTIVA\u00c7\u00c3O | O que \u00e9 mais importante? &#8211; Minha Bike Life Style Fonte: Canal Youtube Minha Bike Life Style: DISCIPLINA VS MOTIVA\u00c7\u00c3O | O que \u00e9 mais importante? &#8211; Minha Bike Life Style Video DISCIPLINA VS MOTIVA\u00c7\u00c3O | O que \u00e9 mais importante? &#8211; Minha Bike Life Style Video DISCIPLINA VS MOTIVA\u00c7\u00c3O | [&hellip;]<\/p>\n","protected":false},"author":2,"featured_media":23211,"comment_status":"closed","ping_status":"closed","sticky":false,"template":"","format":"standard","meta":{"rop_custom_images_group":[],"rop_custom_messages_group":[],"rop_publish_now":"initial","rop_publish_now_accounts":{"twitter_2962033655_2962033655":""},"rop_publish_now_history":[],"rop_publish_now_status":"pending","_trash_the_other_posts":false,"editor_notices":[],"footnotes":""},"categories":[25],"tags":[351],"class_list":["post-23209","post","type-post","status-publish","format-standard","has-post-thumbnail","hentry","category-mountain-bike","tag-minha-bike-life-style"],"blocksy_meta":[],"_links":{"self":[{"href":"https:\/\/ciclo-news.com\/br\/wp-json\/wp\/v2\/posts\/23209","targetHints":{"allow":["GET"]}}],"collection":[{"href":"https:\/\/ciclo-news.com\/br\/wp-json\/wp\/v2\/posts"}],"about":[{"href":"https:\/\/ciclo-news.com\/br\/wp-json\/wp\/v2\/types\/post"}],"author":[{"embeddable":true,"href":"https:\/\/ciclo-news.com\/br\/wp-json\/wp\/v2\/users\/2"}],"replies":[{"embeddable":true,"href":"https:\/\/ciclo-news.com\/br\/wp-json\/wp\/v2\/comments?post=23209"}],"version-history":[{"count":0,"href":"https:\/\/ciclo-news.com\/br\/wp-json\/wp\/v2\/posts\/23209\/revisions"}],"wp:featuredmedia":[{"embeddable":true,"href":"https:\/\/ciclo-news.com\/br\/wp-json\/wp\/v2\/media\/23211"}],"wp:attachment":[{"href":"https:\/\/ciclo-news.com\/br\/wp-json\/wp\/v2\/media?parent=23209"}],"wp:term":[{"taxonomy":"category","embeddable":true,"href":"https:\/\/ciclo-news.com\/br\/wp-json\/wp\/v2\/categories?post=23209"},{"taxonomy":"post_tag","embeddable":true,"href":"https:\/\/ciclo-news.com\/br\/wp-json\/wp\/v2\/tags?post=23209"}],"curies":[{"name":"wp","href":"https:\/\/api.w.org\/{rel}","templated":true}]}}