{"id":22536,"date":"2021-06-07T21:56:14","date_gmt":"2021-06-07T21:56:14","guid":{"rendered":"https:\/\/ciclo-news.com\/br\/tiete-bike-park-inauguracao-raji-tv\/"},"modified":"2021-06-07T21:56:14","modified_gmt":"2021-06-07T21:56:14","slug":"tiete-bike-park-inauguracao-raji-tv","status":"publish","type":"post","link":"https:\/\/ciclo-news.com\/br\/tiete-bike-park-inauguracao-raji-tv\/","title":{"rendered":"Tiet\u00ea Bike Park inaugura\u00e7\u00e3o | Raji TV"},"content":{"rendered":"<h2>Tiet\u00ea Bike Park inaugura\u00e7\u00e3o com Raji TV<\/h2>\n<p><iframe loading=\"lazy\" title=\"Tiet\u00ea Bike Park inaugura\u00e7\u00e3o\" width=\"1290\" height=\"726\" src=\"https:\/\/www.youtube.com\/embed\/pTk2fyjMq0A?feature=oembed\" frameborder=\"0\" allow=\"accelerometer; autoplay; clipboard-write; encrypted-media; gyroscope; picture-in-picture; web-share\" allowfullscreen><\/iframe><br \/>\nFonte: <strong><a href=\"https:\/\/www.youtube.com\/watch?v=pTk2fyjMq0A\" rel=\"nofollow noopener\" target=\"_blank\">Canal Youtube Raji TV: Tiet\u00ea Bike Park inaugura\u00e7\u00e3o<\/a><\/strong><\/p>\n<h3>Video Tiet\u00ea Bike Park inaugura\u00e7\u00e3o | Raji TV<\/h3>\n<p>Video <strong>Tiet\u00ea Bike Park inaugura\u00e7\u00e3o<\/strong> do Canal do Youtube <strong><a href=\"https:\/\/ciclo-news.com\/br\/tag\/raji-tv\/\">Raji TV<\/a><\/strong>.<\/p>\n<h2>Tiet\u00ea Bike Park inaugura\u00e7\u00e3o | Raji TV<\/h2>\n<hr class=\"wp-block-separator has-alpha-channel-opacity\"\/>\n<p>As opini\u00f5es expressas neste espa\u00e7o s\u00e3o de responsabilidade exclusiva do <strong>Canal do Youtube <a href=\"https:\/\/ciclo-news.com\/br\/tag\/raji-tv\/\" rel=\"noreferrer noopener\">Raji TV<\/a><\/strong> e n\u00e3o necessariamente representam o pensamento da <strong><a href=\"https:\/\/ciclo-news.com\/br\/\" target=\"_blank\" rel=\"noreferrer noopener\">Ciclo News Brasil<\/a><\/strong>.<\/p>\n<hr class=\"wp-block-separator has-alpha-channel-opacity\"\/>\n<nav aria-label=\"breadcrumbs\" class=\"rank-math-breadcrumb\"><p><span class=\"last\">CicloNews<\/span><\/p><\/nav><\/p>\n","protected":false},"excerpt":{"rendered":"<p>Tiet\u00ea Bike Park inaugura\u00e7\u00e3o com Raji TV Fonte: Canal Youtube Raji TV: Tiet\u00ea Bike Park inaugura\u00e7\u00e3o Video Tiet\u00ea Bike Park inaugura\u00e7\u00e3o | Raji TV Video Tiet\u00ea Bike Park inaugura\u00e7\u00e3o do Canal do Youtube Raji TV. Tiet\u00ea Bike Park inaugura\u00e7\u00e3o | Raji TV As opini\u00f5es expressas neste espa\u00e7o s\u00e3o de responsabilidade exclusiva do Canal do Youtube [&hellip;]<\/p>\n","protected":false},"author":2,"featured_media":22538,"comment_status":"closed","ping_status":"closed","sticky":false,"template":"","format":"standard","meta":{"rop_custom_images_group":[],"rop_custom_messages_group":[],"rop_publish_now":"initial","rop_publish_now_accounts":{"twitter_2962033655_2962033655":""},"rop_publish_now_history":[],"rop_publish_now_status":"pending","_trash_the_other_posts":false,"editor_notices":[],"footnotes":""},"categories":[25],"tags":[382],"class_list":["post-22536","post","type-post","status-publish","format-standard","has-post-thumbnail","hentry","category-mountain-bike","tag-raji-tv"],"blocksy_meta":[],"_links":{"self":[{"href":"https:\/\/ciclo-news.com\/br\/wp-json\/wp\/v2\/posts\/22536","targetHints":{"allow":["GET"]}}],"collection":[{"href":"https:\/\/ciclo-news.com\/br\/wp-json\/wp\/v2\/posts"}],"about":[{"href":"https:\/\/ciclo-news.com\/br\/wp-json\/wp\/v2\/types\/post"}],"author":[{"embeddable":true,"href":"https:\/\/ciclo-news.com\/br\/wp-json\/wp\/v2\/users\/2"}],"replies":[{"embeddable":true,"href":"https:\/\/ciclo-news.com\/br\/wp-json\/wp\/v2\/comments?post=22536"}],"version-history":[{"count":0,"href":"https:\/\/ciclo-news.com\/br\/wp-json\/wp\/v2\/posts\/22536\/revisions"}],"wp:featuredmedia":[{"embeddable":true,"href":"https:\/\/ciclo-news.com\/br\/wp-json\/wp\/v2\/media\/22538"}],"wp:attachment":[{"href":"https:\/\/ciclo-news.com\/br\/wp-json\/wp\/v2\/media?parent=22536"}],"wp:term":[{"taxonomy":"category","embeddable":true,"href":"https:\/\/ciclo-news.com\/br\/wp-json\/wp\/v2\/categories?post=22536"},{"taxonomy":"post_tag","embeddable":true,"href":"https:\/\/ciclo-news.com\/br\/wp-json\/wp\/v2\/tags?post=22536"}],"curies":[{"name":"wp","href":"https:\/\/api.w.org\/{rel}","templated":true}]}}