{"id":20981,"date":"2023-03-16T11:23:48","date_gmt":"2023-03-16T11:23:48","guid":{"rendered":"https:\/\/ciclo-news.com\/br\/brasileiro-de-paraciclismo-de-pista-2023\/"},"modified":"2023-03-16T11:23:48","modified_gmt":"2023-03-16T11:23:48","slug":"brasileiro-de-paraciclismo-de-pista-2023","status":"publish","type":"post","link":"https:\/\/ciclo-news.com\/br\/brasileiro-de-paraciclismo-de-pista-2023\/","title":{"rendered":"Brasileiro de Paraciclismo de Pista 2023"},"content":{"rendered":"<h2>Brasileiro de Paraciclismo de Pista 2023<\/h2>\n<p><iframe loading=\"lazy\" title=\"Brasileiro de Paraciclismo de Pista 2023\" width=\"1290\" height=\"726\" src=\"https:\/\/www.youtube.com\/embed\/CMwSuA9Ggoc?feature=oembed\" frameborder=\"0\" allow=\"accelerometer; autoplay; clipboard-write; encrypted-media; gyroscope; picture-in-picture; web-share\" allowfullscreen><\/iframe><br \/>\nFonte: <a href=\"https:\/\/www.youtube.com\/watch?v=CMwSuA9Ggoc\" rel=\"nofollow noopener\" target=\"_blank\">Canal Youtube Ciclismo CBC: Brasileiro de Paraciclismo de Pista 2023<\/a><\/p>\n<h3>Video Brasileiro de Paraciclismo de Pista 2023<\/h3>\n<p>Video Brasileiro de Paraciclismo de Pista 2023 do Canal do Youtube <a href=\"https:\/\/ciclo-news.com\/br\/tag\/ciclismo-cbc\/\">Ciclismo CBC<\/a>.<\/p>\n<h2>Brasileiro de Paraciclismo de Pista 2023<\/h2>\n<hr class=\"wp-block-separator has-alpha-channel-opacity\"\/>\n<p>As opini\u00f5es expressas neste espa\u00e7o s\u00e3o de responsabilidade exclusiva do <strong>Canal do Youtube <a href=\"https:\/\/ciclo-news.com\/br\/tag\/ciclismo-cbc\/\" rel=\"noreferrer noopener\">Ciclismo CBC<\/a><\/strong> e n\u00e3o necessariamente representam o pensamento da <strong><a href=\"https:\/\/ciclo-news.com\/br\/\" target=\"_blank\" rel=\"noreferrer noopener\">Ciclo News Brasil<\/a><\/strong>.<\/p>\n<hr class=\"wp-block-separator has-alpha-channel-opacity\"\/>\n<nav aria-label=\"breadcrumbs\" class=\"rank-math-breadcrumb\"><p><span class=\"last\">CicloNews<\/span><\/p><\/nav><\/p>\n","protected":false},"excerpt":{"rendered":"<p>Brasileiro de Paraciclismo de Pista 2023 Fonte: Canal Youtube Ciclismo CBC: Brasileiro de Paraciclismo de Pista 2023 Video Brasileiro de Paraciclismo de Pista 2023 Video Brasileiro de Paraciclismo de Pista 2023 do Canal do Youtube Ciclismo CBC. Brasileiro de Paraciclismo de Pista 2023 As opini\u00f5es expressas neste espa\u00e7o s\u00e3o de responsabilidade exclusiva do Canal do [&hellip;]<\/p>\n","protected":false},"author":2,"featured_media":20983,"comment_status":"closed","ping_status":"closed","sticky":false,"template":"","format":"standard","meta":{"rop_custom_images_group":[],"rop_custom_messages_group":[],"rop_publish_now":"initial","rop_publish_now_accounts":{"twitter_2962033655_2962033655":""},"rop_publish_now_history":[],"rop_publish_now_status":"pending","_trash_the_other_posts":false,"editor_notices":[],"footnotes":""},"categories":[34],"tags":[332],"class_list":["post-20981","post","type-post","status-publish","format-standard","has-post-thumbnail","hentry","category-pista","tag-ciclismo-cbc"],"blocksy_meta":[],"_links":{"self":[{"href":"https:\/\/ciclo-news.com\/br\/wp-json\/wp\/v2\/posts\/20981","targetHints":{"allow":["GET"]}}],"collection":[{"href":"https:\/\/ciclo-news.com\/br\/wp-json\/wp\/v2\/posts"}],"about":[{"href":"https:\/\/ciclo-news.com\/br\/wp-json\/wp\/v2\/types\/post"}],"author":[{"embeddable":true,"href":"https:\/\/ciclo-news.com\/br\/wp-json\/wp\/v2\/users\/2"}],"replies":[{"embeddable":true,"href":"https:\/\/ciclo-news.com\/br\/wp-json\/wp\/v2\/comments?post=20981"}],"version-history":[{"count":0,"href":"https:\/\/ciclo-news.com\/br\/wp-json\/wp\/v2\/posts\/20981\/revisions"}],"wp:featuredmedia":[{"embeddable":true,"href":"https:\/\/ciclo-news.com\/br\/wp-json\/wp\/v2\/media\/20983"}],"wp:attachment":[{"href":"https:\/\/ciclo-news.com\/br\/wp-json\/wp\/v2\/media?parent=20981"}],"wp:term":[{"taxonomy":"category","embeddable":true,"href":"https:\/\/ciclo-news.com\/br\/wp-json\/wp\/v2\/categories?post=20981"},{"taxonomy":"post_tag","embeddable":true,"href":"https:\/\/ciclo-news.com\/br\/wp-json\/wp\/v2\/tags?post=20981"}],"curies":[{"name":"wp","href":"https:\/\/api.w.org\/{rel}","templated":true}]}}