{"id":20158,"date":"2023-12-29T21:00:07","date_gmt":"2023-12-29T21:00:07","guid":{"rendered":"https:\/\/ciclo-news.com\/br\/o-sonho-se-realizou-eduardo-uai-desafiou-a-serra-do-rio-do-rastro\/"},"modified":"2024-01-20T11:53:21","modified_gmt":"2024-01-20T11:53:21","slug":"o-sonho-se-realizou-eduardo-uai-desafiou-a-serra-do-rio-do-rastro","status":"publish","type":"post","link":"https:\/\/ciclo-news.com\/br\/o-sonho-se-realizou-eduardo-uai-desafiou-a-serra-do-rio-do-rastro\/","title":{"rendered":"O SONHO SE REALIZOU! Eduardo UAI desafiou a Serra do Rio do Rastro"},"content":{"rendered":"\n<h2 class=\"wp-block-heading has-text-align-center\">O SONHO SE REALIZOU! Eduardo UAI desafiou a Serra do Rio do Rastro &#8211; Minha Bike Life Style<\/h2>\n\n\n\n<figure class=\"wp-block-embed aligncenter is-type-video is-provider-youtube wp-block-embed-youtube wp-embed-aspect-16-9 wp-has-aspect-ratio\"><div class=\"wp-block-embed__wrapper\">\n<iframe loading=\"lazy\" title=\"O SONHO SE REALIZOU! Eduardo UAI desafiou a Serra do Rio do Rastro - Minha Bike Life Style\" width=\"1290\" height=\"726\" src=\"https:\/\/www.youtube.com\/embed\/0rTQe_Xvv5w?feature=oembed&#038;enablejsapi=1&#038;origin=https:\/\/ciclo-news.com\" frameborder=\"0\" allow=\"accelerometer; autoplay; clipboard-write; encrypted-media; gyroscope; picture-in-picture; web-share\" allowfullscreen><\/iframe>\n<\/div><\/figure>\n\n\n\n<p>Fonte: <a href=\"https:\/\/www.youtube.com\/watch?v=0rTQe_Xvv5w\" rel=\"nofollow noopener\" target=\"_blank\">Canal Youtube Minha Bike Life Style: O SONHO SE REALIZOU! Eduardo UAI desafiou a Serra do Rio do Rastro &#8211; Minha Bike Life Style<\/a><\/p>\n\n\n\n<h3 class=\"wp-block-heading has-text-align-center\">Video O SONHO SE REALIZOU! Eduardo UAI desafiou a Serra do Rio do Rastro &#8211; Minha Bike Life Style<\/h3>\n\n\n\n<p>Video <strong>O SONHO SE REALIZOU! Eduardo UAI desafiou a Serra do Rio do Rastro &#8211; Minha Bike Life Style<\/strong> com o <strong>Mois\u00e9s Nairon<\/strong> e o <strong>Oscar Lenhart<\/strong> do Canal do Youtube <strong><a href=\"https:\/\/ciclo-news.com\/br\/tag\/minha-bike-life-style\/\">Minha Bike Life Style<\/a><\/strong>.<\/p>\n\n\n\n<h2 class=\"wp-block-heading has-text-align-center\">O SONHO SE REALIZOU! Eduardo UAI desafiou a Serra do Rio do Rastro &#8211; Minha Bike Life Style<\/h2>\n\n\n\n<h2 class=\"wp-block-heading has-text-align-center\">Minha Bike Life Style: Conquistando a Serra do Rio do Rastro<\/h2>\n\n\n\n<p>Neste artigo, vamos explorar a jornada emocionante de um grupo de ciclistas que decidiram encerrar o ano com chave de ouro desafiando a Serra do Rio do Rastro em Santa Catarina. A Serra do Rio do Rastro \u00e9 conhecida como uma das estradas mais bonitas do mundo, e para os amantes do ciclismo, representa um verdadeiro cart\u00e3o postal. Acompanhe cada detalhe dessa experi\u00eancia inspiradora e enriquecedora.<\/p>\n\n\n\n<h3 class=\"wp-block-heading has-text-align-center\">Um Convite Especial<\/h3>\n\n\n\n<p>Os ciclistas tiveram a honra de receber a visita de um amigo de Minas Gerais, Eduardo, tamb\u00e9m conhecido como &#8220;Amo Pedal&#8221;, que realizou um sonho ao conhecer a Serra do Rio do Rastro. A emo\u00e7\u00e3o e empolga\u00e7\u00e3o desse encontro especial se refletem em cada momento da jornada, compartilhando a paix\u00e3o pelo ciclismo e pela beleza natural da regi\u00e3o.<\/p>\n\n\n\n<h3 class=\"wp-block-heading has-text-align-center\">Explorando a Serra do Rio do Rastro<\/h3>\n\n\n\n<p>Com um in\u00edcio desafiador, os ciclistas percorrem a subida da Serra do Rio do Rastro, conhecendo pontos estrat\u00e9gicos ao longo do percurso. A altimetria e o visual de tirar o f\u00f4lego se tornam elementos marcantes dessa jornada, que oferece oportunidades para paradas estrat\u00e9gicas, apreciando a paisagem exuberante e recarregando as energias para continuar a subida.<\/p>\n\n\n\n<h4 class=\"wp-block-heading has-text-align-center\">Descobrindo Pontos de Descanso<\/h4>\n\n\n\n<p>Entre os 5 e 12 km de subida, os ciclistas encontram pontos ideais para descanso, abastecimento de \u00e1gua e at\u00e9 mesmo para desfrutar de um caf\u00e9 ou lanche em meio \u00e0 natureza. A import\u00e2ncia desses pontos de parada \u00e9 ressaltada, oferecendo suporte e conforto para os ciclistas enfrentarem a jornada desafiadora at\u00e9 o topo da serra.<\/p>\n\n\n\n<h4 class=\"wp-block-heading has-text-align-center\">Superando Desafios<\/h4>\n\n\n\n<p>Ao enfrentar trechos mais \u00edngremes e desafiadores, os ciclistas compartilham suas experi\u00eancias em rela\u00e7\u00e3o ao desempenho das bikes, destacando a import\u00e2ncia de uma configura\u00e7\u00e3o adequada para enfrentar as inclina\u00e7\u00f5es da Serra do Rio do Rastro. A diversidade de equipamentos e estrat\u00e9gias demonstra a supera\u00e7\u00e3o dos desafios e a determina\u00e7\u00e3o em alcan\u00e7ar o topo da serra.<\/p>\n\n\n\n<h3 class=\"wp-block-heading has-text-align-center\">Conquista e Celebra\u00e7\u00e3o<\/h3>\n\n\n\n<p>Ap\u00f3s perseverar e enfrentar os desafios da subida, os ciclistas finalmente alcan\u00e7am o topo da Serra do Rio do Rastro. O momento \u00e9 de celebra\u00e7\u00e3o, compartilhando n\u00e3o apenas a conquista pessoal, mas tamb\u00e9m a beleza e grandiosidade da paisagem que se estende diante deles. Momentos de amizade, supera\u00e7\u00e3o e realiza\u00e7\u00e3o marcam o t\u00e9rmino dessa jornada inesquec\u00edvel.<\/p>\n\n\n\n<h3 class=\"wp-block-heading has-text-align-center\">Subida da Serra do Rio do Rastro<\/h3>\n\n\n\n<p>Com a conclus\u00e3o da subida da Serra do Rio do Rastro, os ciclistas compartilham uma mensagem especial para os leitores, enfatizando a import\u00e2ncia de perseguir os sonhos e projetos pessoais, assim como a import\u00e2ncia de desafiar-se e explorar novos horizontes. A experi\u00eancia vivida na serra se torna um exemplo inspirador de determina\u00e7\u00e3o, amizade e paix\u00e3o pelo ciclismo.<\/p>\n\n\n\n<hr class=\"wp-block-separator has-alpha-channel-opacity\"\/>\n\n\n\n<p>As opini\u00f5es expressas neste espa\u00e7o s\u00e3o de responsabilidade exclusiva do <strong>Canal do Youtube <a href=\"https:\/\/ciclo-news.com\/br\/tag\/minha-bike-life-style\/\" rel=\"noreferrer noopener\">Minha Bike Life Style<\/a><\/strong> e n\u00e3o necessariamente representam o pensamento da <strong><a href=\"https:\/\/ciclo-news.com\/br\/\" target=\"_blank\" rel=\"noreferrer noopener\">Ciclo News Brasil<\/a><\/strong>.<\/p>\n\n\n\n<hr class=\"wp-block-separator has-alpha-channel-opacity\"\/>\n\n\n<nav aria-label=\"breadcrumbs\" class=\"rank-math-breadcrumb\"><p><span class=\"last\">CicloNews<\/span><\/p><\/nav>\n","protected":false},"excerpt":{"rendered":"<p>O SONHO SE REALIZOU! Eduardo UAI desafiou a Serra do Rio do Rastro &#8211; Minha Bike Life Style Fonte: Canal Youtube Minha Bike Life Style: O SONHO SE REALIZOU! Eduardo UAI desafiou a Serra do Rio do Rastro &#8211; Minha Bike Life Style Video O SONHO SE REALIZOU! Eduardo UAI desafiou a Serra do Rio [&hellip;]<\/p>\n","protected":false},"author":2,"featured_media":20160,"comment_status":"closed","ping_status":"closed","sticky":false,"template":"","format":"standard","meta":{"rop_custom_images_group":[],"rop_custom_messages_group":[],"rop_publish_now":"initial","rop_publish_now_accounts":{"twitter_2962033655_2962033655":""},"rop_publish_now_history":[],"rop_publish_now_status":"pending","_trash_the_other_posts":false,"editor_notices":[],"footnotes":""},"categories":[249,25],"tags":[351],"class_list":["post-20158","post","type-post","status-publish","format-standard","has-post-thumbnail","hentry","category-treinamento-de-mountain-bike","category-mountain-bike","tag-minha-bike-life-style"],"blocksy_meta":[],"_links":{"self":[{"href":"https:\/\/ciclo-news.com\/br\/wp-json\/wp\/v2\/posts\/20158","targetHints":{"allow":["GET"]}}],"collection":[{"href":"https:\/\/ciclo-news.com\/br\/wp-json\/wp\/v2\/posts"}],"about":[{"href":"https:\/\/ciclo-news.com\/br\/wp-json\/wp\/v2\/types\/post"}],"author":[{"embeddable":true,"href":"https:\/\/ciclo-news.com\/br\/wp-json\/wp\/v2\/users\/2"}],"replies":[{"embeddable":true,"href":"https:\/\/ciclo-news.com\/br\/wp-json\/wp\/v2\/comments?post=20158"}],"version-history":[{"count":1,"href":"https:\/\/ciclo-news.com\/br\/wp-json\/wp\/v2\/posts\/20158\/revisions"}],"predecessor-version":[{"id":21427,"href":"https:\/\/ciclo-news.com\/br\/wp-json\/wp\/v2\/posts\/20158\/revisions\/21427"}],"wp:featuredmedia":[{"embeddable":true,"href":"https:\/\/ciclo-news.com\/br\/wp-json\/wp\/v2\/media\/20160"}],"wp:attachment":[{"href":"https:\/\/ciclo-news.com\/br\/wp-json\/wp\/v2\/media?parent=20158"}],"wp:term":[{"taxonomy":"category","embeddable":true,"href":"https:\/\/ciclo-news.com\/br\/wp-json\/wp\/v2\/categories?post=20158"},{"taxonomy":"post_tag","embeddable":true,"href":"https:\/\/ciclo-news.com\/br\/wp-json\/wp\/v2\/tags?post=20158"}],"curies":[{"name":"wp","href":"https:\/\/api.w.org\/{rel}","templated":true}]}}