{"id":20011,"date":"2023-09-30T15:15:08","date_gmt":"2023-09-30T15:15:08","guid":{"rendered":"https:\/\/ciclo-news.com\/br\/resumo-xcc-da-copa-do-mundo-snowshoe-estados-unidos\/"},"modified":"2023-09-30T15:15:08","modified_gmt":"2023-09-30T15:15:08","slug":"resumo-xcc-da-copa-do-mundo-snowshoe-estados-unidos","status":"publish","type":"post","link":"https:\/\/ciclo-news.com\/br\/resumo-xcc-da-copa-do-mundo-snowshoe-estados-unidos\/","title":{"rendered":"Resumo XCC da Copa do Mundo &#8211; Snowshoe &#8211; Estados Unidos"},"content":{"rendered":"<h2>Resumo XCC da Copa do Mundo &#8211; Snowshoe &#8211; Estados Unidos com Bike na Lama<\/h2>\n<p><iframe loading=\"lazy\" title=\"Resumo XCC da Copa do Mundo - Snowshoe - Estados Unidos\" width=\"1290\" height=\"726\" src=\"https:\/\/www.youtube.com\/embed\/LNhqgNCmog0?feature=oembed\" frameborder=\"0\" allow=\"accelerometer; autoplay; clipboard-write; encrypted-media; gyroscope; picture-in-picture; web-share\" allowfullscreen><\/iframe><br \/>\nFonte: <a href=\"https:\/\/www.youtube.com\/watch?v=LNhqgNCmog0\" rel=\"nofollow noopener\" target=\"_blank\">Canal Youtube Bike na Lama: Resumo XCC da Copa do Mundo &#8211; Snowshoe &#8211; Estados Unidos<\/a><\/p>\n<h3>Video Resumo XCC da Copa do Mundo &#8211; Snowshoe &#8211; Estados Unidos com Bike na Lama<\/h3>\n<p>Video Resumo XCC da Copa do Mundo &#8211; Snowshoe &#8211; Estados Unidos do Canal do Youtube <a href=\"https:\/\/ciclo-news.com\/br\/tag\/bike-na-lama\/\">Bike na Lama<\/a>.<\/p>\n<h2>Resumo XCC da Copa do Mundo &#8211; Snowshoe &#8211; Estados Unidos<\/h2>\n<p>Resumo do Short Track XCC em Snowsho nos Estados Unidos<\/p>\n<p>O fim de semana foi repleto de emo\u00e7\u00f5es com a copa do mundo de short track XCC em Snowsho nos Estados Unidos, e hoje vou trazer o resumo completo das provas, incluindo o eliminator e a maratona. Al\u00e9m disso, hoje \u00e9 dia do short track, e tamb\u00e9m irei detalhar o Downhill, juntamente com a despedida do nosso campe\u00e3o Henrique Cine nas provas curtas da copa do mundo.<\/p>\n<p>Eliminator e maratona<\/p>\n<p>Ontem foram realizadas as provas de eliminator e maratona, com destaque para o classificat\u00f3rio do Downhill, onde o brasileiro Roger Vieira se destacou, fechando na posi\u00e7\u00e3o 41 e se classificando para as semifinais, que acontecem hoje. \u00c9 hora de torcer para que o Roger consiga chegar \u00e0s finais pela primeira vez.<\/p>\n<p>Short track sub-23<\/p>\n<p>Na prova de short track sub-23, tivemos representantes do Brasil, com destaque para Alex Malacarne e Gustavo Xavier no masculino, e Juliana Morgen no feminino. Na prova feminina, a su\u00ed\u00e7a Ronja Blinger liderou a prova do in\u00edcio ao fim, levando a vit\u00f3ria, seguida por Samara Maxwell e Noel Burry. J\u00e1 no masculino, o americano Rile Amos ficou com a primeira posi\u00e7\u00e3o, seguido por Carter Woods e Luca Martim. Os brasileiros tamb\u00e9m se destacaram, com Alex Malacarne fechando na posi\u00e7\u00e3o 6 e Gustavo Xavier na posi\u00e7\u00e3o 7.<\/p>\n<p>Short track elite<\/p>\n<p>No short track elite, a classifica\u00e7\u00e3o geral do campeonato tem lideran\u00e7a de apenas 30 pontos da atleta Puck Peters sobre a Alessandra Keller. A polonesa Polini Ferran, que tinha chances na disputa, n\u00e3o ir\u00e1 participar devido ao teste positivo para covid. Com isso, a disputa pelo campeonato fica entre Alessandra Keller e Puck Peters. Vale lembrar que esta \u00e9 a pen\u00faltima etapa, e ainda h\u00e1 mais uma etapa no Canad\u00e1 em Mont Santen.<\/p>\n<p>Destaque para brasileiras<\/p>\n<p>Na largada da prova de short track elite feminino, tivemos a presen\u00e7a de duas brasileiras, Ra\u00ed Agol\u00e3o e Karen Ol\u00edmpio. A emo\u00e7\u00e3o da competi\u00e7\u00e3o ficou por conta da brit\u00e2nica EV Richards, que dominou a prova e garantiu a vit\u00f3ria. A brasileira Karen Olimpio fechou na posi\u00e7\u00e3o 36, e Ra\u00ed Agol\u00e3o na posi\u00e7\u00e3o 38. O p\u00f3dio foi completado por Rebeca Henderson.<\/p>\n<p>Henrique Avancini na despedida do Short Track<\/p>\n<p>A prova do short track tamb\u00e9m marcou a despedida do nosso campe\u00e3o Henrique Avancini das provas curtas da Copa do Mundo. Al\u00e9m disso, a competi\u00e7\u00e3o contou com a presen\u00e7a dos atuais campe\u00f5es mundiais de modalidades diferentes, incluindo Nino Schurter, o l\u00edder da competi\u00e7\u00e3o Lucas Chas Bauer e o brasileiro Lalin na posi\u00e7\u00e3o 31.<\/p>\n<p>Vit\u00f3ria de Vitor Koretsky<\/p>\n<p>Na categoria masculina, a competi\u00e7\u00e3o foi acirrada, com destaque para a vit\u00f3ria de Vitor Koretsky, seguido pelo franc\u00eas Jordan Sahu e o l\u00edder alem\u00e3o Lucas Chas Bauer. A prova tamb\u00e9m contou com a presen\u00e7a dos brasileiros Henrique Avancini, Z\u00e9 Gabriel e Lanzinho nas posi\u00e7\u00f5es 32, 33 e 36, respectivamente. A etapa marcou a despedida de Henrique Avancini das provas de short track da Copa do Mundo, e tamb\u00e9m foi marcada pela presen\u00e7a dos atuais campe\u00f5es mundiais Samuel Gaz e David Campos, que completaram a prova nas \u00faltimas posi\u00e7\u00f5es.<\/p>\n<p>Encerramento<\/p>\n<p>Com isso, encerramos mais um emocionante fim de semana de competi\u00e7\u00f5es de short track XCC da Copa do Mundo. Parab\u00e9ns aos atletas brasileiros e a todos os competidores que fizeram deste evento um verdadeiro espet\u00e1culo do esporte. Se voc\u00ea gostou do resumo, n\u00e3o esque\u00e7a de deixar seu like e se inscrever no canal para mais conte\u00fados como este. Um agradecimento especial aos nossos apoiadores Coca, Sudract, PPW e Bike Zetas. At\u00e9 o pr\u00f3ximo resumo, e fiquem ligados para mais emo\u00e7\u00f5es no mundo do ciclismo. Obrigado e at\u00e9 breve!<\/p>\n<hr class=\"wp-block-separator has-alpha-channel-opacity\"\/>\n<p>As opini\u00f5es expressas neste espa\u00e7o s\u00e3o de responsabilidade exclusiva do <strong>Canal do Youtube <a href=\"https:\/\/ciclo-news.com\/br\/tag\/bike-na-lama\/\" rel=\"noreferrer noopener\">Bike na Lama<\/a><\/strong> e n\u00e3o necessariamente representam o pensamento da <strong><a href=\"https:\/\/ciclo-news.com\/br\/\" target=\"_blank\" rel=\"noreferrer noopener\">Ciclo News Brasil<\/a><\/strong>.<\/p>\n<hr class=\"wp-block-separator has-alpha-channel-opacity\"\/>\n<nav aria-label=\"breadcrumbs\" class=\"rank-math-breadcrumb\"><p><span class=\"last\">CicloNews<\/span><\/p><\/nav><\/p>\n","protected":false},"excerpt":{"rendered":"<p>Resumo XCC da Copa do Mundo &#8211; Snowshoe &#8211; Estados Unidos com Bike na Lama Fonte: Canal Youtube Bike na Lama: Resumo XCC da Copa do Mundo &#8211; Snowshoe &#8211; Estados Unidos Video Resumo XCC da Copa do Mundo &#8211; Snowshoe &#8211; Estados Unidos com Bike na Lama Video Resumo XCC da Copa do Mundo [&hellip;]<\/p>\n","protected":false},"author":2,"featured_media":20013,"comment_status":"closed","ping_status":"closed","sticky":false,"template":"","format":"standard","meta":{"rop_custom_images_group":[],"rop_custom_messages_group":[],"rop_publish_now":"initial","rop_publish_now_accounts":{"twitter_2962033655_2962033655":""},"rop_publish_now_history":[],"rop_publish_now_status":"pending","_trash_the_other_posts":false,"editor_notices":[],"footnotes":""},"categories":[25],"tags":[329],"class_list":["post-20011","post","type-post","status-publish","format-standard","has-post-thumbnail","hentry","category-mountain-bike","tag-bike-na-lama"],"blocksy_meta":[],"_links":{"self":[{"href":"https:\/\/ciclo-news.com\/br\/wp-json\/wp\/v2\/posts\/20011","targetHints":{"allow":["GET"]}}],"collection":[{"href":"https:\/\/ciclo-news.com\/br\/wp-json\/wp\/v2\/posts"}],"about":[{"href":"https:\/\/ciclo-news.com\/br\/wp-json\/wp\/v2\/types\/post"}],"author":[{"embeddable":true,"href":"https:\/\/ciclo-news.com\/br\/wp-json\/wp\/v2\/users\/2"}],"replies":[{"embeddable":true,"href":"https:\/\/ciclo-news.com\/br\/wp-json\/wp\/v2\/comments?post=20011"}],"version-history":[{"count":0,"href":"https:\/\/ciclo-news.com\/br\/wp-json\/wp\/v2\/posts\/20011\/revisions"}],"wp:featuredmedia":[{"embeddable":true,"href":"https:\/\/ciclo-news.com\/br\/wp-json\/wp\/v2\/media\/20013"}],"wp:attachment":[{"href":"https:\/\/ciclo-news.com\/br\/wp-json\/wp\/v2\/media?parent=20011"}],"wp:term":[{"taxonomy":"category","embeddable":true,"href":"https:\/\/ciclo-news.com\/br\/wp-json\/wp\/v2\/categories?post=20011"},{"taxonomy":"post_tag","embeddable":true,"href":"https:\/\/ciclo-news.com\/br\/wp-json\/wp\/v2\/tags?post=20011"}],"curies":[{"name":"wp","href":"https:\/\/api.w.org\/{rel}","templated":true}]}}