{"id":19936,"date":"2017-09-11T17:46:05","date_gmt":"2017-09-11T17:46:05","guid":{"rendered":"https:\/\/ciclo-news.com\/br\/20a-volta-ciclistica-internacional-do-abcd-pirelli\/"},"modified":"2024-01-02T10:59:05","modified_gmt":"2024-01-02T10:59:05","slug":"20a-volta-ciclistica-internacional-do-abcd-pirelli","status":"publish","type":"post","link":"https:\/\/ciclo-news.com\/br\/20a-volta-ciclistica-internacional-do-abcd-pirelli\/","title":{"rendered":"20\u00aa Volta Cicl\u00edstica Internacional do ABCD &#8211; Pirelli"},"content":{"rendered":"\n<h2 class=\"wp-block-heading has-text-align-center\">20\u00aa Volta Cicl\u00edstica Internacional do ABCD &#8211; Pirelli | Federa\u00e7\u00e3o Paulista de Ciclismo<\/h2>\n\n\n\n<figure class=\"wp-block-embed aligncenter is-type-video is-provider-youtube wp-block-embed-youtube wp-embed-aspect-16-9 wp-has-aspect-ratio\"><div class=\"wp-block-embed__wrapper\">\n<iframe loading=\"lazy\" title=\"20\u00aa Volta Cicl\u00edstica Internacional do ABCD - Pirelli\" width=\"1290\" height=\"726\" src=\"https:\/\/www.youtube.com\/embed\/qE-n9OTfh8s?feature=oembed\" frameborder=\"0\" allow=\"accelerometer; autoplay; clipboard-write; encrypted-media; gyroscope; picture-in-picture; web-share\" allowfullscreen><\/iframe>\n<\/div><\/figure>\n\n\n\n<p>Fonte: <a href=\"https:\/\/www.youtube.com\/watch?v=qE-n9OTfh8s\" rel=\"nofollow noopener\" target=\"_blank\">Canal Youtube fpciclismosp: 20\u00aa Volta Cicl\u00edstica Internacional do ABCD &#8211; Pirelli<\/a><\/p>\n\n\n\n<h3 class=\"wp-block-heading has-text-align-center\">Video 20\u00aa Volta Cicl\u00edstica Internacional do ABCD &#8211; Pirelli com Federa\u00e7\u00e3o Paulista de Ciclismo<\/h3>\n\n\n\n<p>Video 20\u00aa Volta Cicl\u00edstica Internacional do ABCD &#8211; Pirelli do Canal do Youtube <a href=\"https:\/\/ciclo-news.com\/br\/tag\/fpciclismosp\/\">fpciclismosp<\/a>.<\/p>\n\n\n\n<h2 class=\"wp-block-heading has-text-align-center\">20\u00aa Volta Cicl\u00edstica Internacional do ABCD &#8211; Pirelli<\/h2>\n\n\n\n<hr class=\"wp-block-separator has-alpha-channel-opacity\"\/>\n\n\n\n<p>As opini\u00f5es expressas neste espa\u00e7o s\u00e3o de responsabilidade exclusiva do <strong>Canal do <a href=\"https:\/\/ciclo-news.com\/br\/tag\/fpciclismosp\/\" rel=\"noreferrer noopener\">Youtube Brasil Ride<\/a><\/strong> e n\u00e3o necessariamente representam o pensamento da <strong><a href=\"https:\/\/ciclo-news.com\/br\/\" target=\"_blank\" rel=\"noreferrer noopener\">Ciclo News Brasil<\/a><\/strong>.<\/p>\n\n\n\n<hr class=\"wp-block-separator has-alpha-channel-opacity\"\/>\n\n\n<nav aria-label=\"breadcrumbs\" class=\"rank-math-breadcrumb\"><p><span class=\"last\">CicloNews<\/span><\/p><\/nav>\n","protected":false},"excerpt":{"rendered":"<p>20\u00aa Volta Cicl\u00edstica Internacional do ABCD &#8211; Pirelli | Federa\u00e7\u00e3o Paulista de Ciclismo Fonte: Canal Youtube fpciclismosp: 20\u00aa Volta Cicl\u00edstica Internacional do ABCD &#8211; Pirelli Video 20\u00aa Volta Cicl\u00edstica Internacional do ABCD &#8211; Pirelli com Federa\u00e7\u00e3o Paulista de Ciclismo Video 20\u00aa Volta Cicl\u00edstica Internacional do ABCD &#8211; Pirelli do Canal do Youtube fpciclismosp. 20\u00aa Volta [&hellip;]<\/p>\n","protected":false},"author":2,"featured_media":19938,"comment_status":"closed","ping_status":"closed","sticky":false,"template":"","format":"standard","meta":{"rop_custom_images_group":[],"rop_custom_messages_group":[],"rop_publish_now":"initial","rop_publish_now_accounts":{"twitter_2962033655_2962033655":""},"rop_publish_now_history":[],"rop_publish_now_status":"pending","_trash_the_other_posts":false,"editor_notices":[],"footnotes":""},"categories":[3],"tags":[344],"class_list":["post-19936","post","type-post","status-publish","format-standard","has-post-thumbnail","hentry","category-estrada","tag-fpciclismosp"],"blocksy_meta":[],"_links":{"self":[{"href":"https:\/\/ciclo-news.com\/br\/wp-json\/wp\/v2\/posts\/19936","targetHints":{"allow":["GET"]}}],"collection":[{"href":"https:\/\/ciclo-news.com\/br\/wp-json\/wp\/v2\/posts"}],"about":[{"href":"https:\/\/ciclo-news.com\/br\/wp-json\/wp\/v2\/types\/post"}],"author":[{"embeddable":true,"href":"https:\/\/ciclo-news.com\/br\/wp-json\/wp\/v2\/users\/2"}],"replies":[{"embeddable":true,"href":"https:\/\/ciclo-news.com\/br\/wp-json\/wp\/v2\/comments?post=19936"}],"version-history":[{"count":1,"href":"https:\/\/ciclo-news.com\/br\/wp-json\/wp\/v2\/posts\/19936\/revisions"}],"predecessor-version":[{"id":19942,"href":"https:\/\/ciclo-news.com\/br\/wp-json\/wp\/v2\/posts\/19936\/revisions\/19942"}],"wp:featuredmedia":[{"embeddable":true,"href":"https:\/\/ciclo-news.com\/br\/wp-json\/wp\/v2\/media\/19938"}],"wp:attachment":[{"href":"https:\/\/ciclo-news.com\/br\/wp-json\/wp\/v2\/media?parent=19936"}],"wp:term":[{"taxonomy":"category","embeddable":true,"href":"https:\/\/ciclo-news.com\/br\/wp-json\/wp\/v2\/categories?post=19936"},{"taxonomy":"post_tag","embeddable":true,"href":"https:\/\/ciclo-news.com\/br\/wp-json\/wp\/v2\/tags?post=19936"}],"curies":[{"name":"wp","href":"https:\/\/api.w.org\/{rel}","templated":true}]}}